{"id":42142,"date":"2025-01-22T13:22:44","date_gmt":"2025-01-22T11:22:44","guid":{"rendered":"https:\/\/stageval.sfp.fi\/valfardsomradesval\/?p=42142"},"modified":"2025-01-24T14:45:35","modified_gmt":"2025-01-24T12:45:35","slug":"functioning-social-welfare","status":"publish","type":"post","link":"https:\/\/val.sfp.fi\/valfardsomradesval\/en\/functioning-social-welfare\/","title":{"rendered":"Functioning social welfare"},"content":{"rendered":"<p>People have a need of physical, social and psychological well-being. We often require more than one form of care simultaneously. Care services that see us as individuals with manifold needs are more likely to achieve good results.<\/p>\n<p>We want to reinforce measures to combat social exclusion and mental ill-being through preventive work, early interventions and multidisciplinary cooperation. It is important that the whole family is taken into account when diverse problems arise, so that they can be optimally supported and assisted. We prioritize equal psychosocial services, including psychotherapy. We want to see an inclusive society where everyone is treated fairly, respecting their autonomy. It is important that services and various forms of disability support are provided close to those who need them, in both our national languages. In cases of substance abuse, the emphasis should be on preventive care, early interventions and a basis in facts and research.<\/p>\n<p>&nbsp;<\/p>\n<p><strong>SFP wants:<\/strong><\/p>\n<ul>\n<li>to have more social workers recruited, to ensure that timely assistance is provided to those who need it<\/li>\n<li>those working in social services to have safe working conditions<\/li>\n<li>to invest in preventive care and in making everyday life easier for vulnerable families, for example by providing home care services to families with children<\/li>\n<li>to increase the number of refuges for victims of domestic or intimate partner violence, as well as those threatened with it<\/li>\n<li>to offer low-threshold services for victims of violence<\/li>\n<li>to invest in support services for proper immigrant integration, in order to prevent social exclusion and reduce differences in health and well-being levels<\/li>\n<li>to guarantee sufficient resources for psychiatric and addiction care, even in Swedish<\/li>\n<li>to see more low-threshold clinics and increased multidisciplinary cooperation between municipalities, schools, daycares, health and social care, homes, the third sector and the police<\/li>\n<li>to prevent and reduce substance abuse by creating functional care paths, and to improve the recognition of risk groups<\/li>\n<li>to see families and others close to persons with addiction or mental illness issues being offered assistance and conversational support<\/li>\n<li>to see disabled persons receiving sufficient and timely support<\/li>\n<li>to ensure equal disability services are provided in Swedish as in Finnish<\/li>\n<li>to ensure sufficient sheltered housing is available<\/li>\n<li>to ensure disabled people are offered therapy and rehabilitation based on their individual circumstances and needs, and in their mother tongue<\/li>\n<li>to ensure families with disabled children receive sufficient, early support<\/li>\n<\/ul>\n","protected":false},"excerpt":{"rendered":"<p>People have a need of physical, social and psychological well-being. We often require more than one form of care simultaneously. Care services that see us as individuals with manifold needs<a class=\"excerpt-read-more\" href=\"https:\/\/val.sfp.fi\/valfardsomradesval\/en\/functioning-social-welfare\/\" title=\"L\u00e4sFunctioning social welfare\">&#8230;<\/a><\/p>\n","protected":false},"author":228,"featured_media":42164,"comment_status":"closed","ping_status":"closed","sticky":false,"template":"","format":"standard","meta":{"_acf_changed":false,"footnotes":""},"categories":[442],"tags":[],"class_list":["post-42142","post","type-post","status-publish","format-standard","has-post-thumbnail","hentry","category-election-platform","theme-addiction-care","theme-disability-services","theme-functioning-social-welfare","theme-mental-health"],"acf":[],"yoast_head":"<!-- This site is optimized with the Yoast SEO plugin v27.2 - https:\/\/yoast.com\/product\/yoast-seo-wordpress\/ -->\n<title>Functioning social welfare &#8212; V\u00e4lf\u00e4rdsomr\u00e5desval 2025<\/title>\n<meta name=\"description\" content=\"V\u00e4lf\u00e4rdsomr\u00e5desval 2025 val sfp rkp kandidater kandidat\" \/>\n<meta name=\"robots\" content=\"index, follow, max-snippet:-1, max-image-preview:large, max-video-preview:-1\" \/>\n<link rel=\"canonical\" href=\"https:\/\/val.sfp.fi\/valfardsomradesval\/en\/functioning-social-welfare\/\" \/>\n<meta property=\"og:locale\" content=\"sv_SE\" \/>\n<meta property=\"og:type\" content=\"article\" \/>\n<meta property=\"og:title\" content=\"Functioning social welfare &#8212; V\u00e4lf\u00e4rdsomr\u00e5desval 2025\" \/>\n<meta property=\"og:description\" content=\"V\u00e4lf\u00e4rdsomr\u00e5desval 2025 val sfp rkp kandidater kandidat\" \/>\n<meta property=\"og:url\" content=\"https:\/\/val.sfp.fi\/valfardsomradesval\/en\/functioning-social-welfare\/\" \/>\n<meta property=\"og:site_name\" content=\"V\u00e4lf\u00e4rdsomr\u00e5desval 2025\" \/>\n<meta property=\"article:publisher\" content=\"https:\/\/www.facebook.com\/sfprkp\/\" \/>\n<meta property=\"article:published_time\" content=\"2025-01-22T11:22:44+00:00\" \/>\n<meta property=\"article:modified_time\" content=\"2025-01-24T12:45:35+00:00\" \/>\n<meta property=\"og:image\" content=\"https:\/\/val.sfp.fi\/valfardsomradesval\/wp-content\/uploads\/Fungerande-socialvard-scaled.jpg\" \/>\n\t<meta property=\"og:image:width\" content=\"2560\" \/>\n\t<meta property=\"og:image:height\" content=\"1706\" \/>\n\t<meta property=\"og:image:type\" content=\"image\/jpeg\" \/>\n<meta name=\"author\" content=\"Little Developer\" \/>\n<meta name=\"twitter:label1\" content=\"Skriven av\" \/>\n\t<meta name=\"twitter:data1\" content=\"Little Developer\" \/>\n\t<meta name=\"twitter:label2\" content=\"Ber\u00e4knad l\u00e4stid\" \/>\n\t<meta name=\"twitter:data2\" content=\"2 minuter\" \/>\n<script type=\"application\/ld+json\" class=\"yoast-schema-graph\">{\"@context\":\"https:\/\/schema.org\",\"@graph\":[{\"@type\":\"Article\",\"@id\":\"https:\/\/val.sfp.fi\/valfardsomradesval\/en\/functioning-social-welfare\/#article\",\"isPartOf\":{\"@id\":\"https:\/\/val.sfp.fi\/valfardsomradesval\/en\/functioning-social-welfare\/\"},\"author\":{\"name\":\"Little Developer\",\"@id\":\"https:\/\/val.sfp.fi\/valfardsomradesval\/#\/schema\/person\/56bf5f445f3dfdd90071144f6db7fb07\"},\"headline\":\"Functioning social welfare\",\"datePublished\":\"2025-01-22T11:22:44+00:00\",\"dateModified\":\"2025-01-24T12:45:35+00:00\",\"mainEntityOfPage\":{\"@id\":\"https:\/\/val.sfp.fi\/valfardsomradesval\/en\/functioning-social-welfare\/\"},\"wordCount\":393,\"publisher\":{\"@id\":\"https:\/\/val.sfp.fi\/valfardsomradesval\/#organization\"},\"image\":{\"@id\":\"https:\/\/val.sfp.fi\/valfardsomradesval\/en\/functioning-social-welfare\/#primaryimage\"},\"thumbnailUrl\":\"https:\/\/val.sfp.fi\/valfardsomradesval\/wp-content\/uploads\/Fungerande-socialvard-scaled.jpg\",\"articleSection\":[\"Election platform\"],\"inLanguage\":\"sv-SE\"},{\"@type\":\"WebPage\",\"@id\":\"https:\/\/val.sfp.fi\/valfardsomradesval\/en\/functioning-social-welfare\/\",\"url\":\"https:\/\/val.sfp.fi\/valfardsomradesval\/en\/functioning-social-welfare\/\",\"name\":\"Functioning social welfare &#8212; V\u00e4lf\u00e4rdsomr\u00e5desval 2025\",\"isPartOf\":{\"@id\":\"https:\/\/val.sfp.fi\/valfardsomradesval\/#website\"},\"primaryImageOfPage\":{\"@id\":\"https:\/\/val.sfp.fi\/valfardsomradesval\/en\/functioning-social-welfare\/#primaryimage\"},\"image\":{\"@id\":\"https:\/\/val.sfp.fi\/valfardsomradesval\/en\/functioning-social-welfare\/#primaryimage\"},\"thumbnailUrl\":\"https:\/\/val.sfp.fi\/valfardsomradesval\/wp-content\/uploads\/Fungerande-socialvard-scaled.jpg\",\"datePublished\":\"2025-01-22T11:22:44+00:00\",\"dateModified\":\"2025-01-24T12:45:35+00:00\",\"description\":\"V\u00e4lf\u00e4rdsomr\u00e5desval 2025 val sfp rkp kandidater kandidat\",\"breadcrumb\":{\"@id\":\"https:\/\/val.sfp.fi\/valfardsomradesval\/en\/functioning-social-welfare\/#breadcrumb\"},\"inLanguage\":\"sv-SE\",\"potentialAction\":[{\"@type\":\"ReadAction\",\"target\":[\"https:\/\/val.sfp.fi\/valfardsomradesval\/en\/functioning-social-welfare\/\"]}]},{\"@type\":\"ImageObject\",\"inLanguage\":\"sv-SE\",\"@id\":\"https:\/\/val.sfp.fi\/valfardsomradesval\/en\/functioning-social-welfare\/#primaryimage\",\"url\":\"https:\/\/val.sfp.fi\/valfardsomradesval\/wp-content\/uploads\/Fungerande-socialvard-scaled.jpg\",\"contentUrl\":\"https:\/\/val.sfp.fi\/valfardsomradesval\/wp-content\/uploads\/Fungerande-socialvard-scaled.jpg\",\"width\":2560,\"height\":1706},{\"@type\":\"BreadcrumbList\",\"@id\":\"https:\/\/val.sfp.fi\/valfardsomradesval\/en\/functioning-social-welfare\/#breadcrumb\",\"itemListElement\":[{\"@type\":\"ListItem\",\"position\":1,\"name\":\"Home\",\"item\":\"https:\/\/val.sfp.fi\/valfardsomradesval\/\"},{\"@type\":\"ListItem\",\"position\":2,\"name\":\"Functioning social welfare\"}]},{\"@type\":\"WebSite\",\"@id\":\"https:\/\/val.sfp.fi\/valfardsomradesval\/#website\",\"url\":\"https:\/\/val.sfp.fi\/valfardsomradesval\/\",\"name\":\"SFP - V\u00e4lf\u00e4rdsomr\u00e5desval 2025\",\"description\":\"\",\"publisher\":{\"@id\":\"https:\/\/val.sfp.fi\/valfardsomradesval\/#organization\"},\"potentialAction\":[{\"@type\":\"SearchAction\",\"target\":{\"@type\":\"EntryPoint\",\"urlTemplate\":\"https:\/\/val.sfp.fi\/valfardsomradesval\/?s={search_term_string}\"},\"query-input\":{\"@type\":\"PropertyValueSpecification\",\"valueRequired\":true,\"valueName\":\"search_term_string\"}}],\"inLanguage\":\"sv-SE\"},{\"@type\":\"Organization\",\"@id\":\"https:\/\/val.sfp.fi\/valfardsomradesval\/#organization\",\"name\":\"SFP RKP\",\"url\":\"https:\/\/val.sfp.fi\/valfardsomradesval\/\",\"logo\":{\"@type\":\"ImageObject\",\"inLanguage\":\"sv-SE\",\"@id\":\"https:\/\/val.sfp.fi\/valfardsomradesval\/#\/schema\/logo\/image\/\",\"url\":\"https:\/\/val.sfp.fi\/valfardsomradesval\/wp-content\/uploads\/SFP-RKP-logo.jpg\",\"contentUrl\":\"https:\/\/val.sfp.fi\/valfardsomradesval\/wp-content\/uploads\/SFP-RKP-logo.jpg\",\"width\":1483,\"height\":1483,\"caption\":\"SFP RKP\"},\"image\":{\"@id\":\"https:\/\/val.sfp.fi\/valfardsomradesval\/#\/schema\/logo\/image\/\"},\"sameAs\":[\"https:\/\/www.facebook.com\/sfprkp\/\",\"https:\/\/x.com\/sfprkp\",\"https:\/\/www.instagram.com\/sfprkp\/\",\"https:\/\/www.youtube.com\/sfprkp\",\"https:\/\/sv.wikipedia.org\/wiki\/Svenska_folkpartiet\"]},{\"@type\":\"Person\",\"@id\":\"https:\/\/val.sfp.fi\/valfardsomradesval\/#\/schema\/person\/56bf5f445f3dfdd90071144f6db7fb07\",\"name\":\"Little Developer\",\"image\":{\"@type\":\"ImageObject\",\"inLanguage\":\"sv-SE\",\"@id\":\"https:\/\/secure.gravatar.com\/avatar\/c0bbf076f183cc897650a42f79db0161a011c13b07a4d2246d5d561ba5db53d1?s=96&d=mm&r=g\",\"url\":\"https:\/\/secure.gravatar.com\/avatar\/c0bbf076f183cc897650a42f79db0161a011c13b07a4d2246d5d561ba5db53d1?s=96&d=mm&r=g\",\"contentUrl\":\"https:\/\/secure.gravatar.com\/avatar\/c0bbf076f183cc897650a42f79db0161a011c13b07a4d2246d5d561ba5db53d1?s=96&d=mm&r=g\",\"caption\":\"Little Developer\"}}]}<\/script>\n<!-- \/ Yoast SEO plugin. -->","yoast_head_json":{"title":"Functioning social welfare &#8212; V\u00e4lf\u00e4rdsomr\u00e5desval 2025","description":"V\u00e4lf\u00e4rdsomr\u00e5desval 2025 val sfp rkp kandidater kandidat","robots":{"index":"index","follow":"follow","max-snippet":"max-snippet:-1","max-image-preview":"max-image-preview:large","max-video-preview":"max-video-preview:-1"},"canonical":"https:\/\/val.sfp.fi\/valfardsomradesval\/en\/functioning-social-welfare\/","og_locale":"sv_SE","og_type":"article","og_title":"Functioning social welfare &#8212; V\u00e4lf\u00e4rdsomr\u00e5desval 2025","og_description":"V\u00e4lf\u00e4rdsomr\u00e5desval 2025 val sfp rkp kandidater kandidat","og_url":"https:\/\/val.sfp.fi\/valfardsomradesval\/en\/functioning-social-welfare\/","og_site_name":"V\u00e4lf\u00e4rdsomr\u00e5desval 2025","article_publisher":"https:\/\/www.facebook.com\/sfprkp\/","article_published_time":"2025-01-22T11:22:44+00:00","article_modified_time":"2025-01-24T12:45:35+00:00","og_image":[{"width":2560,"height":1706,"url":"https:\/\/val.sfp.fi\/valfardsomradesval\/wp-content\/uploads\/Fungerande-socialvard-scaled.jpg","type":"image\/jpeg"}],"author":"Little Developer","twitter_misc":{"Skriven av":"Little Developer","Ber\u00e4knad l\u00e4stid":"2 minuter"},"schema":{"@context":"https:\/\/schema.org","@graph":[{"@type":"Article","@id":"https:\/\/val.sfp.fi\/valfardsomradesval\/en\/functioning-social-welfare\/#article","isPartOf":{"@id":"https:\/\/val.sfp.fi\/valfardsomradesval\/en\/functioning-social-welfare\/"},"author":{"name":"Little Developer","@id":"https:\/\/val.sfp.fi\/valfardsomradesval\/#\/schema\/person\/56bf5f445f3dfdd90071144f6db7fb07"},"headline":"Functioning social welfare","datePublished":"2025-01-22T11:22:44+00:00","dateModified":"2025-01-24T12:45:35+00:00","mainEntityOfPage":{"@id":"https:\/\/val.sfp.fi\/valfardsomradesval\/en\/functioning-social-welfare\/"},"wordCount":393,"publisher":{"@id":"https:\/\/val.sfp.fi\/valfardsomradesval\/#organization"},"image":{"@id":"https:\/\/val.sfp.fi\/valfardsomradesval\/en\/functioning-social-welfare\/#primaryimage"},"thumbnailUrl":"https:\/\/val.sfp.fi\/valfardsomradesval\/wp-content\/uploads\/Fungerande-socialvard-scaled.jpg","articleSection":["Election platform"],"inLanguage":"sv-SE"},{"@type":"WebPage","@id":"https:\/\/val.sfp.fi\/valfardsomradesval\/en\/functioning-social-welfare\/","url":"https:\/\/val.sfp.fi\/valfardsomradesval\/en\/functioning-social-welfare\/","name":"Functioning social welfare &#8212; V\u00e4lf\u00e4rdsomr\u00e5desval 2025","isPartOf":{"@id":"https:\/\/val.sfp.fi\/valfardsomradesval\/#website"},"primaryImageOfPage":{"@id":"https:\/\/val.sfp.fi\/valfardsomradesval\/en\/functioning-social-welfare\/#primaryimage"},"image":{"@id":"https:\/\/val.sfp.fi\/valfardsomradesval\/en\/functioning-social-welfare\/#primaryimage"},"thumbnailUrl":"https:\/\/val.sfp.fi\/valfardsomradesval\/wp-content\/uploads\/Fungerande-socialvard-scaled.jpg","datePublished":"2025-01-22T11:22:44+00:00","dateModified":"2025-01-24T12:45:35+00:00","description":"V\u00e4lf\u00e4rdsomr\u00e5desval 2025 val sfp rkp kandidater kandidat","breadcrumb":{"@id":"https:\/\/val.sfp.fi\/valfardsomradesval\/en\/functioning-social-welfare\/#breadcrumb"},"inLanguage":"sv-SE","potentialAction":[{"@type":"ReadAction","target":["https:\/\/val.sfp.fi\/valfardsomradesval\/en\/functioning-social-welfare\/"]}]},{"@type":"ImageObject","inLanguage":"sv-SE","@id":"https:\/\/val.sfp.fi\/valfardsomradesval\/en\/functioning-social-welfare\/#primaryimage","url":"https:\/\/val.sfp.fi\/valfardsomradesval\/wp-content\/uploads\/Fungerande-socialvard-scaled.jpg","contentUrl":"https:\/\/val.sfp.fi\/valfardsomradesval\/wp-content\/uploads\/Fungerande-socialvard-scaled.jpg","width":2560,"height":1706},{"@type":"BreadcrumbList","@id":"https:\/\/val.sfp.fi\/valfardsomradesval\/en\/functioning-social-welfare\/#breadcrumb","itemListElement":[{"@type":"ListItem","position":1,"name":"Home","item":"https:\/\/val.sfp.fi\/valfardsomradesval\/"},{"@type":"ListItem","position":2,"name":"Functioning social welfare"}]},{"@type":"WebSite","@id":"https:\/\/val.sfp.fi\/valfardsomradesval\/#website","url":"https:\/\/val.sfp.fi\/valfardsomradesval\/","name":"SFP - V\u00e4lf\u00e4rdsomr\u00e5desval 2025","description":"","publisher":{"@id":"https:\/\/val.sfp.fi\/valfardsomradesval\/#organization"},"potentialAction":[{"@type":"SearchAction","target":{"@type":"EntryPoint","urlTemplate":"https:\/\/val.sfp.fi\/valfardsomradesval\/?s={search_term_string}"},"query-input":{"@type":"PropertyValueSpecification","valueRequired":true,"valueName":"search_term_string"}}],"inLanguage":"sv-SE"},{"@type":"Organization","@id":"https:\/\/val.sfp.fi\/valfardsomradesval\/#organization","name":"SFP RKP","url":"https:\/\/val.sfp.fi\/valfardsomradesval\/","logo":{"@type":"ImageObject","inLanguage":"sv-SE","@id":"https:\/\/val.sfp.fi\/valfardsomradesval\/#\/schema\/logo\/image\/","url":"https:\/\/val.sfp.fi\/valfardsomradesval\/wp-content\/uploads\/SFP-RKP-logo.jpg","contentUrl":"https:\/\/val.sfp.fi\/valfardsomradesval\/wp-content\/uploads\/SFP-RKP-logo.jpg","width":1483,"height":1483,"caption":"SFP RKP"},"image":{"@id":"https:\/\/val.sfp.fi\/valfardsomradesval\/#\/schema\/logo\/image\/"},"sameAs":["https:\/\/www.facebook.com\/sfprkp\/","https:\/\/x.com\/sfprkp","https:\/\/www.instagram.com\/sfprkp\/","https:\/\/www.youtube.com\/sfprkp","https:\/\/sv.wikipedia.org\/wiki\/Svenska_folkpartiet"]},{"@type":"Person","@id":"https:\/\/val.sfp.fi\/valfardsomradesval\/#\/schema\/person\/56bf5f445f3dfdd90071144f6db7fb07","name":"Little Developer","image":{"@type":"ImageObject","inLanguage":"sv-SE","@id":"https:\/\/secure.gravatar.com\/avatar\/c0bbf076f183cc897650a42f79db0161a011c13b07a4d2246d5d561ba5db53d1?s=96&d=mm&r=g","url":"https:\/\/secure.gravatar.com\/avatar\/c0bbf076f183cc897650a42f79db0161a011c13b07a4d2246d5d561ba5db53d1?s=96&d=mm&r=g","contentUrl":"https:\/\/secure.gravatar.com\/avatar\/c0bbf076f183cc897650a42f79db0161a011c13b07a4d2246d5d561ba5db53d1?s=96&d=mm&r=g","caption":"Little Developer"}}]}},"lang":"en","translations":{"en":42142,"fi":40531,"sv":40488},"pll_sync_post":[],"_links":{"self":[{"href":"https:\/\/val.sfp.fi\/valfardsomradesval\/wp-json\/wp\/v2\/posts\/42142","targetHints":{"allow":["GET"]}}],"collection":[{"href":"https:\/\/val.sfp.fi\/valfardsomradesval\/wp-json\/wp\/v2\/posts"}],"about":[{"href":"https:\/\/val.sfp.fi\/valfardsomradesval\/wp-json\/wp\/v2\/types\/post"}],"author":[{"embeddable":true,"href":"https:\/\/val.sfp.fi\/valfardsomradesval\/wp-json\/wp\/v2\/users\/228"}],"replies":[{"embeddable":true,"href":"https:\/\/val.sfp.fi\/valfardsomradesval\/wp-json\/wp\/v2\/comments?post=42142"}],"version-history":[{"count":2,"href":"https:\/\/val.sfp.fi\/valfardsomradesval\/wp-json\/wp\/v2\/posts\/42142\/revisions"}],"predecessor-version":[{"id":42326,"href":"https:\/\/val.sfp.fi\/valfardsomradesval\/wp-json\/wp\/v2\/posts\/42142\/revisions\/42326"}],"wp:featuredmedia":[{"embeddable":true,"href":"https:\/\/val.sfp.fi\/valfardsomradesval\/wp-json\/wp\/v2\/media\/42164"}],"wp:attachment":[{"href":"https:\/\/val.sfp.fi\/valfardsomradesval\/wp-json\/wp\/v2\/media?parent=42142"}],"wp:term":[{"taxonomy":"category","embeddable":true,"href":"https:\/\/val.sfp.fi\/valfardsomradesval\/wp-json\/wp\/v2\/categories?post=42142"},{"taxonomy":"post_tag","embeddable":true,"href":"https:\/\/val.sfp.fi\/valfardsomradesval\/wp-json\/wp\/v2\/tags?post=42142"}],"curies":[{"name":"wp","href":"https:\/\/api.w.org\/{rel}","templated":true}]}}