{"id":40535,"date":"2025-01-17T16:30:36","date_gmt":"2025-01-17T14:30:36","guid":{"rendered":"https:\/\/stageval.sfp.fi\/valfardsomradesval\/?p=40535"},"modified":"2025-01-22T14:01:40","modified_gmt":"2025-01-22T12:01:40","slug":"turvallinen-vanhustenhoito","status":"publish","type":"post","link":"https:\/\/val.sfp.fi\/valfardsomradesval\/fi\/turvallinen-vanhustenhoito\/","title":{"rendered":"Turvallinen vanhustenhoito"},"content":{"rendered":"<p>Hoito- ja tukitarpeemme ovat erilaisia eri el\u00e4m\u00e4nvaiheissa. Inhimilliset perustarpeemme ovat kuitenkin samanlaisia: tarvitsemme sosiaalista kanssak\u00e4ymist\u00e4, turvallisuutta, aktiviteetteja ja virikkeit\u00e4 sek\u00e4 tarvittaessa my\u00f6s hoito- ja hoivapalveluja. N\u00e4iden perustarpeiden ollessa tyydytettyj\u00e4 voimme olla onnellisia el\u00e4m\u00e4n eri vaiheissa.<\/p>\n<p>RKP haluaa, ett\u00e4 vanhustenhuoltopalvelut ovat korkealuokkaisia ja kaikkien saatavilla l\u00e4hipalveluina. Sinulla on oltava mahdollisuus asua kotona niin pitk\u00e4\u00e4n kuin haluat ja voit ja sinun l\u00e4hell\u00e4si on oltava saatavilla erilaisia asumispalveluja. Haluamme, ett\u00e4 kaikilla on mahdollisuus edist\u00e4\u00e4 liikkuvuuttaan esimerkiksi senioriliikunnan avulla. Arvostamme omaishoitajien ty\u00f6t\u00e4 ja haluamme huolehtia heid\u00e4n hyvinvoinnistaan. Omaishoitajia on kohdeltava yhdenvertaisesti ja heid\u00e4n on saatava tarvitsemaansa tukea ja apua jaksamiseensa. Erilaiset s\u00e4\u00e4ti\u00f6t ja yhdistykset antavat korvaamattoman yhteiskunnallisen panoksen monilla tahoilla maassamme esimerkiksi hyvinvointia ja terveytt\u00e4 edist\u00e4v\u00e4ll\u00e4 ty\u00f6ll\u00e4 ja yll\u00e4pit\u00e4m\u00e4ll\u00e4 ik\u00e4\u00e4ntyneiden hoivakoteja.<\/p>\n<p>&nbsp;<\/p>\n<p><strong>RKP haluaa<\/strong><\/p>\n<ul>\n<li>ett\u00e4 kaikille ik\u00e4\u00e4ntyneille tarjotaan turvallista asumista, kun he eiv\u00e4t en\u00e4\u00e4 kykene asumaan omassa kodissaan<\/li>\n<li>ett\u00e4 kotona tarjottavat hoivapalvelut turvataan siten, ett\u00e4 ik\u00e4\u00e4ntyneet saavat korkealaatuisia hoito- ja hoivapalveluja oikea-aikaisesti ja oikeassa muodossa<\/li>\n<li>ett\u00e4 ik\u00e4\u00e4ntyneille on tarjolla useita vaihtoehtoisia asumismuotoja<\/li>\n<li>ett\u00e4 avio- ja avopareilla on mahdollisuus asua yhdess\u00e4<\/li>\n<li>ett\u00e4 kaikilla hyvinvointialueilla on tarjolla ik\u00e4\u00e4ntyneille ennaltaehk\u00e4isevi\u00e4, kohdennettuja kotik\u00e4yntej\u00e4<\/li>\n<li>ett\u00e4 muistisairauksien varhaista diagnosointia parannetaan ja hoitoa annetaan mahdollisimman l\u00e4hell\u00e4 kotia<\/li>\n<li>ett\u00e4 kodissa annettavien hoito- ja hoivapalvelujen kotitalousv\u00e4hennyksen k\u00e4ytt\u00f6mahdollisuuksia laajennetaan<\/li>\n<li>ett\u00e4 omaishoitajille maksettava korvaus on riitt\u00e4v\u00e4n suuri ja edist\u00e4\u00e4 mahdollisuuksia saada vapaata ja kuntoutusta<\/li>\n<li>k\u00e4ynnist\u00e4\u00e4 seniorineuvolatoiminnan kaikilla hyvinvointialueilla<\/li>\n<li>ett\u00e4 julkisia palveluja t\u00e4ydennet\u00e4\u00e4n palveluasumisen palveluseteleill\u00e4.<\/li>\n<\/ul>\n","protected":false},"excerpt":{"rendered":"<p>Hoito- ja tukitarpeemme ovat erilaisia eri el\u00e4m\u00e4nvaiheissa. Inhimilliset perustarpeemme ovat kuitenkin samanlaisia: tarvitsemme sosiaalista kanssak\u00e4ymist\u00e4, turvallisuutta, aktiviteetteja ja virikkeit\u00e4 sek\u00e4 tarvittaessa my\u00f6s hoito- ja hoivapalveluja. N\u00e4iden perustarpeiden ollessa tyydytettyj\u00e4 voimme<a class=\"excerpt-read-more\" href=\"https:\/\/val.sfp.fi\/valfardsomradesval\/fi\/turvallinen-vanhustenhoito\/\" title=\"L\u00e4sTurvallinen vanhustenhoito\">&#8230;<\/a><\/p>\n","protected":false},"author":228,"featured_media":42162,"comment_status":"closed","ping_status":"closed","sticky":false,"template":"","format":"standard","meta":{"_acf_changed":false,"footnotes":""},"categories":[267],"tags":[],"class_list":["post-40535","post","type-post","status-publish","format-standard","has-post-thumbnail","hentry","category-vaaliohjelma","theme-turvallinen-vanhustenhoito"],"acf":[],"yoast_head":"<!-- This site is optimized with the Yoast SEO plugin v27.2 - https:\/\/yoast.com\/product\/yoast-seo-wordpress\/ -->\n<title>Turvallinen vanhustenhoito &#8212; V\u00e4lf\u00e4rdsomr\u00e5desval 2025<\/title>\n<meta name=\"description\" content=\"V\u00e4lf\u00e4rdsomr\u00e5desval 2025 val sfp rkp kandidater kandidat\" \/>\n<meta name=\"robots\" content=\"index, follow, max-snippet:-1, max-image-preview:large, max-video-preview:-1\" \/>\n<link rel=\"canonical\" href=\"https:\/\/val.sfp.fi\/valfardsomradesval\/fi\/turvallinen-vanhustenhoito\/\" \/>\n<meta property=\"og:locale\" content=\"sv_SE\" \/>\n<meta property=\"og:type\" content=\"article\" \/>\n<meta property=\"og:title\" content=\"Turvallinen vanhustenhoito &#8212; V\u00e4lf\u00e4rdsomr\u00e5desval 2025\" \/>\n<meta property=\"og:description\" content=\"V\u00e4lf\u00e4rdsomr\u00e5desval 2025 val sfp rkp kandidater kandidat\" \/>\n<meta property=\"og:url\" content=\"https:\/\/val.sfp.fi\/valfardsomradesval\/fi\/turvallinen-vanhustenhoito\/\" \/>\n<meta property=\"og:site_name\" content=\"V\u00e4lf\u00e4rdsomr\u00e5desval 2025\" \/>\n<meta property=\"article:publisher\" content=\"https:\/\/www.facebook.com\/sfprkp\/\" \/>\n<meta property=\"article:published_time\" content=\"2025-01-17T14:30:36+00:00\" \/>\n<meta property=\"article:modified_time\" content=\"2025-01-22T12:01:40+00:00\" \/>\n<meta property=\"og:image\" content=\"https:\/\/stageval.sfp.fi\/valfardsomradesval\/wp-content\/uploads\/Trygg-aldreomsorg-scaled.jpg\" \/>\n\t<meta property=\"og:image:width\" content=\"2560\" \/>\n\t<meta property=\"og:image:height\" content=\"1706\" \/>\n\t<meta property=\"og:image:type\" content=\"image\/jpeg\" \/>\n<meta name=\"author\" content=\"Little Developer\" \/>\n<meta name=\"twitter:label1\" content=\"Skriven av\" \/>\n\t<meta name=\"twitter:data1\" content=\"Little Developer\" \/>\n\t<meta name=\"twitter:label2\" content=\"Ber\u00e4knad l\u00e4stid\" \/>\n\t<meta name=\"twitter:data2\" content=\"1 minut\" \/>\n<script type=\"application\/ld+json\" class=\"yoast-schema-graph\">{\"@context\":\"https:\/\/schema.org\",\"@graph\":[{\"@type\":\"Article\",\"@id\":\"https:\/\/val.sfp.fi\/valfardsomradesval\/fi\/turvallinen-vanhustenhoito\/#article\",\"isPartOf\":{\"@id\":\"https:\/\/val.sfp.fi\/valfardsomradesval\/fi\/turvallinen-vanhustenhoito\/\"},\"author\":{\"name\":\"Little Developer\",\"@id\":\"https:\/\/val.sfp.fi\/valfardsomradesval\/#\/schema\/person\/56bf5f445f3dfdd90071144f6db7fb07\"},\"headline\":\"Turvallinen vanhustenhoito\",\"datePublished\":\"2025-01-17T14:30:36+00:00\",\"dateModified\":\"2025-01-22T12:01:40+00:00\",\"mainEntityOfPage\":{\"@id\":\"https:\/\/val.sfp.fi\/valfardsomradesval\/fi\/turvallinen-vanhustenhoito\/\"},\"wordCount\":260,\"publisher\":{\"@id\":\"https:\/\/val.sfp.fi\/valfardsomradesval\/#organization\"},\"image\":{\"@id\":\"https:\/\/val.sfp.fi\/valfardsomradesval\/fi\/turvallinen-vanhustenhoito\/#primaryimage\"},\"thumbnailUrl\":\"https:\/\/val.sfp.fi\/valfardsomradesval\/wp-content\/uploads\/Trygg-aldreomsorg-scaled.jpg\",\"articleSection\":[\"Vaaliohjelma\"],\"inLanguage\":\"sv-SE\"},{\"@type\":\"WebPage\",\"@id\":\"https:\/\/val.sfp.fi\/valfardsomradesval\/fi\/turvallinen-vanhustenhoito\/\",\"url\":\"https:\/\/val.sfp.fi\/valfardsomradesval\/fi\/turvallinen-vanhustenhoito\/\",\"name\":\"Turvallinen vanhustenhoito &#8212; V\u00e4lf\u00e4rdsomr\u00e5desval 2025\",\"isPartOf\":{\"@id\":\"https:\/\/val.sfp.fi\/valfardsomradesval\/#website\"},\"primaryImageOfPage\":{\"@id\":\"https:\/\/val.sfp.fi\/valfardsomradesval\/fi\/turvallinen-vanhustenhoito\/#primaryimage\"},\"image\":{\"@id\":\"https:\/\/val.sfp.fi\/valfardsomradesval\/fi\/turvallinen-vanhustenhoito\/#primaryimage\"},\"thumbnailUrl\":\"https:\/\/val.sfp.fi\/valfardsomradesval\/wp-content\/uploads\/Trygg-aldreomsorg-scaled.jpg\",\"datePublished\":\"2025-01-17T14:30:36+00:00\",\"dateModified\":\"2025-01-22T12:01:40+00:00\",\"description\":\"V\u00e4lf\u00e4rdsomr\u00e5desval 2025 val sfp rkp kandidater kandidat\",\"breadcrumb\":{\"@id\":\"https:\/\/val.sfp.fi\/valfardsomradesval\/fi\/turvallinen-vanhustenhoito\/#breadcrumb\"},\"inLanguage\":\"sv-SE\",\"potentialAction\":[{\"@type\":\"ReadAction\",\"target\":[\"https:\/\/val.sfp.fi\/valfardsomradesval\/fi\/turvallinen-vanhustenhoito\/\"]}]},{\"@type\":\"ImageObject\",\"inLanguage\":\"sv-SE\",\"@id\":\"https:\/\/val.sfp.fi\/valfardsomradesval\/fi\/turvallinen-vanhustenhoito\/#primaryimage\",\"url\":\"https:\/\/val.sfp.fi\/valfardsomradesval\/wp-content\/uploads\/Trygg-aldreomsorg-scaled.jpg\",\"contentUrl\":\"https:\/\/val.sfp.fi\/valfardsomradesval\/wp-content\/uploads\/Trygg-aldreomsorg-scaled.jpg\",\"width\":2560,\"height\":1706},{\"@type\":\"BreadcrumbList\",\"@id\":\"https:\/\/val.sfp.fi\/valfardsomradesval\/fi\/turvallinen-vanhustenhoito\/#breadcrumb\",\"itemListElement\":[{\"@type\":\"ListItem\",\"position\":1,\"name\":\"Home\",\"item\":\"https:\/\/val.sfp.fi\/valfardsomradesval\/\"},{\"@type\":\"ListItem\",\"position\":2,\"name\":\"Turvallinen vanhustenhoito\"}]},{\"@type\":\"WebSite\",\"@id\":\"https:\/\/val.sfp.fi\/valfardsomradesval\/#website\",\"url\":\"https:\/\/val.sfp.fi\/valfardsomradesval\/\",\"name\":\"SFP - V\u00e4lf\u00e4rdsomr\u00e5desval 2025\",\"description\":\"\",\"publisher\":{\"@id\":\"https:\/\/val.sfp.fi\/valfardsomradesval\/#organization\"},\"potentialAction\":[{\"@type\":\"SearchAction\",\"target\":{\"@type\":\"EntryPoint\",\"urlTemplate\":\"https:\/\/val.sfp.fi\/valfardsomradesval\/?s={search_term_string}\"},\"query-input\":{\"@type\":\"PropertyValueSpecification\",\"valueRequired\":true,\"valueName\":\"search_term_string\"}}],\"inLanguage\":\"sv-SE\"},{\"@type\":\"Organization\",\"@id\":\"https:\/\/val.sfp.fi\/valfardsomradesval\/#organization\",\"name\":\"SFP RKP\",\"url\":\"https:\/\/val.sfp.fi\/valfardsomradesval\/\",\"logo\":{\"@type\":\"ImageObject\",\"inLanguage\":\"sv-SE\",\"@id\":\"https:\/\/val.sfp.fi\/valfardsomradesval\/#\/schema\/logo\/image\/\",\"url\":\"https:\/\/val.sfp.fi\/valfardsomradesval\/wp-content\/uploads\/SFP-RKP-logo.jpg\",\"contentUrl\":\"https:\/\/val.sfp.fi\/valfardsomradesval\/wp-content\/uploads\/SFP-RKP-logo.jpg\",\"width\":1483,\"height\":1483,\"caption\":\"SFP RKP\"},\"image\":{\"@id\":\"https:\/\/val.sfp.fi\/valfardsomradesval\/#\/schema\/logo\/image\/\"},\"sameAs\":[\"https:\/\/www.facebook.com\/sfprkp\/\",\"https:\/\/x.com\/sfprkp\",\"https:\/\/www.instagram.com\/sfprkp\/\",\"https:\/\/www.youtube.com\/sfprkp\",\"https:\/\/sv.wikipedia.org\/wiki\/Svenska_folkpartiet\"]},{\"@type\":\"Person\",\"@id\":\"https:\/\/val.sfp.fi\/valfardsomradesval\/#\/schema\/person\/56bf5f445f3dfdd90071144f6db7fb07\",\"name\":\"Little Developer\",\"image\":{\"@type\":\"ImageObject\",\"inLanguage\":\"sv-SE\",\"@id\":\"https:\/\/secure.gravatar.com\/avatar\/c0bbf076f183cc897650a42f79db0161a011c13b07a4d2246d5d561ba5db53d1?s=96&d=mm&r=g\",\"url\":\"https:\/\/secure.gravatar.com\/avatar\/c0bbf076f183cc897650a42f79db0161a011c13b07a4d2246d5d561ba5db53d1?s=96&d=mm&r=g\",\"contentUrl\":\"https:\/\/secure.gravatar.com\/avatar\/c0bbf076f183cc897650a42f79db0161a011c13b07a4d2246d5d561ba5db53d1?s=96&d=mm&r=g\",\"caption\":\"Little Developer\"}}]}<\/script>\n<!-- \/ Yoast SEO plugin. -->","yoast_head_json":{"title":"Turvallinen vanhustenhoito &#8212; V\u00e4lf\u00e4rdsomr\u00e5desval 2025","description":"V\u00e4lf\u00e4rdsomr\u00e5desval 2025 val sfp rkp kandidater kandidat","robots":{"index":"index","follow":"follow","max-snippet":"max-snippet:-1","max-image-preview":"max-image-preview:large","max-video-preview":"max-video-preview:-1"},"canonical":"https:\/\/val.sfp.fi\/valfardsomradesval\/fi\/turvallinen-vanhustenhoito\/","og_locale":"sv_SE","og_type":"article","og_title":"Turvallinen vanhustenhoito &#8212; V\u00e4lf\u00e4rdsomr\u00e5desval 2025","og_description":"V\u00e4lf\u00e4rdsomr\u00e5desval 2025 val sfp rkp kandidater kandidat","og_url":"https:\/\/val.sfp.fi\/valfardsomradesval\/fi\/turvallinen-vanhustenhoito\/","og_site_name":"V\u00e4lf\u00e4rdsomr\u00e5desval 2025","article_publisher":"https:\/\/www.facebook.com\/sfprkp\/","article_published_time":"2025-01-17T14:30:36+00:00","article_modified_time":"2025-01-22T12:01:40+00:00","og_image":[{"width":2560,"height":1706,"url":"https:\/\/stageval.sfp.fi\/valfardsomradesval\/wp-content\/uploads\/Trygg-aldreomsorg-scaled.jpg","type":"image\/jpeg"}],"author":"Little Developer","twitter_misc":{"Skriven av":"Little Developer","Ber\u00e4knad l\u00e4stid":"1 minut"},"schema":{"@context":"https:\/\/schema.org","@graph":[{"@type":"Article","@id":"https:\/\/val.sfp.fi\/valfardsomradesval\/fi\/turvallinen-vanhustenhoito\/#article","isPartOf":{"@id":"https:\/\/val.sfp.fi\/valfardsomradesval\/fi\/turvallinen-vanhustenhoito\/"},"author":{"name":"Little Developer","@id":"https:\/\/val.sfp.fi\/valfardsomradesval\/#\/schema\/person\/56bf5f445f3dfdd90071144f6db7fb07"},"headline":"Turvallinen vanhustenhoito","datePublished":"2025-01-17T14:30:36+00:00","dateModified":"2025-01-22T12:01:40+00:00","mainEntityOfPage":{"@id":"https:\/\/val.sfp.fi\/valfardsomradesval\/fi\/turvallinen-vanhustenhoito\/"},"wordCount":260,"publisher":{"@id":"https:\/\/val.sfp.fi\/valfardsomradesval\/#organization"},"image":{"@id":"https:\/\/val.sfp.fi\/valfardsomradesval\/fi\/turvallinen-vanhustenhoito\/#primaryimage"},"thumbnailUrl":"https:\/\/val.sfp.fi\/valfardsomradesval\/wp-content\/uploads\/Trygg-aldreomsorg-scaled.jpg","articleSection":["Vaaliohjelma"],"inLanguage":"sv-SE"},{"@type":"WebPage","@id":"https:\/\/val.sfp.fi\/valfardsomradesval\/fi\/turvallinen-vanhustenhoito\/","url":"https:\/\/val.sfp.fi\/valfardsomradesval\/fi\/turvallinen-vanhustenhoito\/","name":"Turvallinen vanhustenhoito &#8212; V\u00e4lf\u00e4rdsomr\u00e5desval 2025","isPartOf":{"@id":"https:\/\/val.sfp.fi\/valfardsomradesval\/#website"},"primaryImageOfPage":{"@id":"https:\/\/val.sfp.fi\/valfardsomradesval\/fi\/turvallinen-vanhustenhoito\/#primaryimage"},"image":{"@id":"https:\/\/val.sfp.fi\/valfardsomradesval\/fi\/turvallinen-vanhustenhoito\/#primaryimage"},"thumbnailUrl":"https:\/\/val.sfp.fi\/valfardsomradesval\/wp-content\/uploads\/Trygg-aldreomsorg-scaled.jpg","datePublished":"2025-01-17T14:30:36+00:00","dateModified":"2025-01-22T12:01:40+00:00","description":"V\u00e4lf\u00e4rdsomr\u00e5desval 2025 val sfp rkp kandidater kandidat","breadcrumb":{"@id":"https:\/\/val.sfp.fi\/valfardsomradesval\/fi\/turvallinen-vanhustenhoito\/#breadcrumb"},"inLanguage":"sv-SE","potentialAction":[{"@type":"ReadAction","target":["https:\/\/val.sfp.fi\/valfardsomradesval\/fi\/turvallinen-vanhustenhoito\/"]}]},{"@type":"ImageObject","inLanguage":"sv-SE","@id":"https:\/\/val.sfp.fi\/valfardsomradesval\/fi\/turvallinen-vanhustenhoito\/#primaryimage","url":"https:\/\/val.sfp.fi\/valfardsomradesval\/wp-content\/uploads\/Trygg-aldreomsorg-scaled.jpg","contentUrl":"https:\/\/val.sfp.fi\/valfardsomradesval\/wp-content\/uploads\/Trygg-aldreomsorg-scaled.jpg","width":2560,"height":1706},{"@type":"BreadcrumbList","@id":"https:\/\/val.sfp.fi\/valfardsomradesval\/fi\/turvallinen-vanhustenhoito\/#breadcrumb","itemListElement":[{"@type":"ListItem","position":1,"name":"Home","item":"https:\/\/val.sfp.fi\/valfardsomradesval\/"},{"@type":"ListItem","position":2,"name":"Turvallinen vanhustenhoito"}]},{"@type":"WebSite","@id":"https:\/\/val.sfp.fi\/valfardsomradesval\/#website","url":"https:\/\/val.sfp.fi\/valfardsomradesval\/","name":"SFP - V\u00e4lf\u00e4rdsomr\u00e5desval 2025","description":"","publisher":{"@id":"https:\/\/val.sfp.fi\/valfardsomradesval\/#organization"},"potentialAction":[{"@type":"SearchAction","target":{"@type":"EntryPoint","urlTemplate":"https:\/\/val.sfp.fi\/valfardsomradesval\/?s={search_term_string}"},"query-input":{"@type":"PropertyValueSpecification","valueRequired":true,"valueName":"search_term_string"}}],"inLanguage":"sv-SE"},{"@type":"Organization","@id":"https:\/\/val.sfp.fi\/valfardsomradesval\/#organization","name":"SFP RKP","url":"https:\/\/val.sfp.fi\/valfardsomradesval\/","logo":{"@type":"ImageObject","inLanguage":"sv-SE","@id":"https:\/\/val.sfp.fi\/valfardsomradesval\/#\/schema\/logo\/image\/","url":"https:\/\/val.sfp.fi\/valfardsomradesval\/wp-content\/uploads\/SFP-RKP-logo.jpg","contentUrl":"https:\/\/val.sfp.fi\/valfardsomradesval\/wp-content\/uploads\/SFP-RKP-logo.jpg","width":1483,"height":1483,"caption":"SFP RKP"},"image":{"@id":"https:\/\/val.sfp.fi\/valfardsomradesval\/#\/schema\/logo\/image\/"},"sameAs":["https:\/\/www.facebook.com\/sfprkp\/","https:\/\/x.com\/sfprkp","https:\/\/www.instagram.com\/sfprkp\/","https:\/\/www.youtube.com\/sfprkp","https:\/\/sv.wikipedia.org\/wiki\/Svenska_folkpartiet"]},{"@type":"Person","@id":"https:\/\/val.sfp.fi\/valfardsomradesval\/#\/schema\/person\/56bf5f445f3dfdd90071144f6db7fb07","name":"Little Developer","image":{"@type":"ImageObject","inLanguage":"sv-SE","@id":"https:\/\/secure.gravatar.com\/avatar\/c0bbf076f183cc897650a42f79db0161a011c13b07a4d2246d5d561ba5db53d1?s=96&d=mm&r=g","url":"https:\/\/secure.gravatar.com\/avatar\/c0bbf076f183cc897650a42f79db0161a011c13b07a4d2246d5d561ba5db53d1?s=96&d=mm&r=g","contentUrl":"https:\/\/secure.gravatar.com\/avatar\/c0bbf076f183cc897650a42f79db0161a011c13b07a4d2246d5d561ba5db53d1?s=96&d=mm&r=g","caption":"Little Developer"}}]}},"lang":"fi","translations":{"fi":40535,"sv":40492,"en":42137},"pll_sync_post":[],"_links":{"self":[{"href":"https:\/\/val.sfp.fi\/valfardsomradesval\/wp-json\/wp\/v2\/posts\/40535","targetHints":{"allow":["GET"]}}],"collection":[{"href":"https:\/\/val.sfp.fi\/valfardsomradesval\/wp-json\/wp\/v2\/posts"}],"about":[{"href":"https:\/\/val.sfp.fi\/valfardsomradesval\/wp-json\/wp\/v2\/types\/post"}],"author":[{"embeddable":true,"href":"https:\/\/val.sfp.fi\/valfardsomradesval\/wp-json\/wp\/v2\/users\/228"}],"replies":[{"embeddable":true,"href":"https:\/\/val.sfp.fi\/valfardsomradesval\/wp-json\/wp\/v2\/comments?post=40535"}],"version-history":[{"count":2,"href":"https:\/\/val.sfp.fi\/valfardsomradesval\/wp-json\/wp\/v2\/posts\/40535\/revisions"}],"predecessor-version":[{"id":42136,"href":"https:\/\/val.sfp.fi\/valfardsomradesval\/wp-json\/wp\/v2\/posts\/40535\/revisions\/42136"}],"wp:featuredmedia":[{"embeddable":true,"href":"https:\/\/val.sfp.fi\/valfardsomradesval\/wp-json\/wp\/v2\/media\/42162"}],"wp:attachment":[{"href":"https:\/\/val.sfp.fi\/valfardsomradesval\/wp-json\/wp\/v2\/media?parent=40535"}],"wp:term":[{"taxonomy":"category","embeddable":true,"href":"https:\/\/val.sfp.fi\/valfardsomradesval\/wp-json\/wp\/v2\/categories?post=40535"},{"taxonomy":"post_tag","embeddable":true,"href":"https:\/\/val.sfp.fi\/valfardsomradesval\/wp-json\/wp\/v2\/tags?post=40535"}],"curies":[{"name":"wp","href":"https:\/\/api.w.org\/{rel}","templated":true}]}}