{"id":40531,"date":"2025-01-17T16:29:43","date_gmt":"2025-01-17T14:29:43","guid":{"rendered":"https:\/\/stageval.sfp.fi\/valfardsomradesval\/?p=40531"},"modified":"2025-01-22T16:08:59","modified_gmt":"2025-01-22T14:08:59","slug":"toimiva-sosiaalihuolto","status":"publish","type":"post","link":"https:\/\/val.sfp.fi\/valfardsomradesval\/fi\/toimiva-sosiaalihuolto\/","title":{"rendered":"Toimiva sosiaalihuolto"},"content":{"rendered":"<p>Me ihmiset tarvitsemme sek\u00e4 fyysist\u00e4, sosiaalista ett\u00e4 henkist\u00e4 hyvinvointia. Tarvitsemme usein monia hoitomuotoja samanaikaisesti. Meid\u00e4t yksil\u00f6in\u00e4 ja monipuoliset tarpeemme kokonaisuutena tunnistavalla hoidolla on edellytykset saavuttaa parempia tuloksia.<\/p>\n<p>Haluamme vahvistaa syrj\u00e4ytymist\u00e4 ja mielenterveysongelmia ehk\u00e4isev\u00e4\u00e4 ty\u00f6t\u00e4 varhaisella puuttumisella sek\u00e4 moniammatillisella yhteisty\u00f6ll\u00e4. Parhaan mahdollisen tuen ja avun antamiseksi on t\u00e4rke\u00e4\u00e4, ett\u00e4 koko perhe otetaan huomioon erilaisissa ongelmatilanteissa. Asetamme etusijalle yhdenvertaiset psykososiaaliset palvelut mukaan lukien psykoterapian. Haluamme osallistavan yhteiskunnan, jossa kaikkia kohdellaan oikeudenmukaisesti kaikkien itsem\u00e4\u00e4r\u00e4\u00e4misoikeutta kunnioittaen. On t\u00e4rke\u00e4\u00e4, ett\u00e4 vammaisille tarjottavat palvelut ja erilaiset tukimuodot annetaan l\u00e4hell\u00e4 palveluntarvitsijaa ja kummallakin kansalliskielell\u00e4mme. P\u00e4ihde- ja riippuvuusty\u00f6n toimenpiteiden p\u00e4\u00e4painon tulee olla ehk\u00e4isev\u00e4ss\u00e4 hoidossa sek\u00e4 varhaisessa puuttumisessa ja sen on oltava fakta- ja tutkimusperusteista.<\/p>\n<p>&nbsp;<\/p>\n<p><strong>RKP haluaa<\/strong><\/p>\n<ul>\n<li>ett\u00e4 sosiaality\u00f6ntekij\u00f6it\u00e4 palkataan lis\u00e4\u00e4 sen takaamiseksi, ett\u00e4 apua tarvitsevat saavat sit\u00e4 ajoissa<\/li>\n<li>ett\u00e4 sosiaalihuollossa ty\u00f6skentelevill\u00e4 on turvalliset ty\u00f6skentelyolosuhteet<\/li>\n<li>panostaa ennakoivaan hoitoon ja helpottaa heikossa asemassa olevien perheiden arkea esimerkiksi lapsiperheille annettavan kotihoidon avulla<\/li>\n<li>lis\u00e4t\u00e4 perhe- tai l\u00e4hisuhdev\u00e4kivallan uhreiksi tai v\u00e4kivallan uhan alaiseksi joutuvien turvapaikkojen m\u00e4\u00e4r\u00e4\u00e4<\/li>\n<li>tarjota matalan kynnyksen palveluja v\u00e4kivallan uhreille<\/li>\n<li>panostaa maahanmuuttajien onnistuneen kotouttamisen tukipalveluihin syrj\u00e4ytymisen est\u00e4miseksi sek\u00e4 hyvinvointi- ja terveyserojen v\u00e4hent\u00e4miseksi<\/li>\n<li>ett\u00e4 mielenterveys- sek\u00e4 p\u00e4ihde- ja riippuvuuspalveluille taataan riitt\u00e4v\u00e4t resurssit, my\u00f6s ruotsiksi<\/li>\n<li>lis\u00e4\u00e4 matalan kynnyksen vastaanottoja ja enemm\u00e4n kuntien, koulun, p\u00e4iv\u00e4kodin, kotien, kolmannen sektorin ja poliisin v\u00e4list\u00e4 yhteisty\u00f6t\u00e4<\/li>\n<li>ehk\u00e4ist\u00e4 ja v\u00e4hent\u00e4\u00e4 p\u00e4ihteiden k\u00e4ytt\u00f6\u00e4 luomalla toimivia hoitopolkuja ja tehostamalla riskiryhmien tunnistamista<\/li>\n<li>ett\u00e4 p\u00e4ihderiippuvaisen tai mielenterveydellisist\u00e4 oireista k\u00e4rsiv\u00e4n perheelle ja l\u00e4himm\u00e4isille tarjotaan tukea ja keskusteluapua<\/li>\n<li>ett\u00e4 vammaiset saavat riitt\u00e4v\u00e4sti tukea sit\u00e4 tarvitessaan<\/li>\n<li>ett\u00e4 ruotsinkieliset vammaispalvelut ovat yhdenvertaisia suomenkielisten kanssa<\/li>\n<li>ett\u00e4 tukiasuntoja on riitt\u00e4v\u00e4sti tarjolla<\/li>\n<li>ett\u00e4 vammaisille on tarjolla jokaisen omia edellytyksi\u00e4 ja tarpeita vastaavia terapia- ja kuntoutuspalveluja heid\u00e4n \u00e4idinkielell\u00e4\u00e4n<\/li>\n<li>ett\u00e4 vammaisten lasten perheet saavat riitt\u00e4v\u00e4sti tukipalveluja varhaisessa vaiheessa.<\/li>\n<\/ul>\n","protected":false},"excerpt":{"rendered":"<p>Me ihmiset tarvitsemme sek\u00e4 fyysist\u00e4, sosiaalista ett\u00e4 henkist\u00e4 hyvinvointia. Tarvitsemme usein monia hoitomuotoja samanaikaisesti. Meid\u00e4t yksil\u00f6in\u00e4 ja monipuoliset tarpeemme kokonaisuutena tunnistavalla hoidolla on edellytykset saavuttaa parempia tuloksia. Haluamme vahvistaa syrj\u00e4ytymist\u00e4<a class=\"excerpt-read-more\" href=\"https:\/\/val.sfp.fi\/valfardsomradesval\/fi\/toimiva-sosiaalihuolto\/\" title=\"L\u00e4sToimiva sosiaalihuolto\">&#8230;<\/a><\/p>\n","protected":false},"author":228,"featured_media":42164,"comment_status":"closed","ping_status":"closed","sticky":false,"template":"","format":"standard","meta":{"_acf_changed":false,"footnotes":""},"categories":[267],"tags":[],"class_list":["post-40531","post","type-post","status-publish","format-standard","has-post-thumbnail","hentry","category-vaaliohjelma","theme-mielenterveys","theme-paihdehuolto","theme-toimiva-sosiaalihuolto","theme-vammaispalvelut"],"acf":[],"yoast_head":"<!-- This site is optimized with the Yoast SEO plugin v27.2 - https:\/\/yoast.com\/product\/yoast-seo-wordpress\/ -->\n<title>Toimiva sosiaalihuolto &#8212; V\u00e4lf\u00e4rdsomr\u00e5desval 2025<\/title>\n<meta name=\"description\" content=\"V\u00e4lf\u00e4rdsomr\u00e5desval 2025 val sfp rkp kandidater kandidat\" \/>\n<meta name=\"robots\" content=\"index, follow, max-snippet:-1, max-image-preview:large, max-video-preview:-1\" \/>\n<link rel=\"canonical\" href=\"https:\/\/val.sfp.fi\/valfardsomradesval\/fi\/toimiva-sosiaalihuolto\/\" \/>\n<meta property=\"og:locale\" content=\"sv_SE\" \/>\n<meta property=\"og:type\" content=\"article\" \/>\n<meta property=\"og:title\" content=\"Toimiva sosiaalihuolto &#8212; V\u00e4lf\u00e4rdsomr\u00e5desval 2025\" \/>\n<meta property=\"og:description\" content=\"V\u00e4lf\u00e4rdsomr\u00e5desval 2025 val sfp rkp kandidater kandidat\" \/>\n<meta property=\"og:url\" content=\"https:\/\/val.sfp.fi\/valfardsomradesval\/fi\/toimiva-sosiaalihuolto\/\" \/>\n<meta property=\"og:site_name\" content=\"V\u00e4lf\u00e4rdsomr\u00e5desval 2025\" \/>\n<meta property=\"article:publisher\" content=\"https:\/\/www.facebook.com\/sfprkp\/\" \/>\n<meta property=\"article:published_time\" content=\"2025-01-17T14:29:43+00:00\" \/>\n<meta property=\"article:modified_time\" content=\"2025-01-22T14:08:59+00:00\" \/>\n<meta property=\"og:image\" content=\"https:\/\/stageval.sfp.fi\/valfardsomradesval\/wp-content\/uploads\/Fungerande-socialvard-scaled.jpg\" \/>\n\t<meta property=\"og:image:width\" content=\"2560\" \/>\n\t<meta property=\"og:image:height\" content=\"1706\" \/>\n\t<meta property=\"og:image:type\" content=\"image\/jpeg\" \/>\n<meta name=\"author\" content=\"Little Developer\" \/>\n<meta name=\"twitter:label1\" content=\"Skriven av\" \/>\n\t<meta name=\"twitter:data1\" content=\"Little Developer\" \/>\n\t<meta name=\"twitter:label2\" content=\"Ber\u00e4knad l\u00e4stid\" \/>\n\t<meta name=\"twitter:data2\" content=\"2 minuter\" \/>\n<script type=\"application\/ld+json\" class=\"yoast-schema-graph\">{\"@context\":\"https:\/\/schema.org\",\"@graph\":[{\"@type\":\"Article\",\"@id\":\"https:\/\/val.sfp.fi\/valfardsomradesval\/fi\/toimiva-sosiaalihuolto\/#article\",\"isPartOf\":{\"@id\":\"https:\/\/val.sfp.fi\/valfardsomradesval\/fi\/toimiva-sosiaalihuolto\/\"},\"author\":{\"name\":\"Little Developer\",\"@id\":\"https:\/\/val.sfp.fi\/valfardsomradesval\/#\/schema\/person\/56bf5f445f3dfdd90071144f6db7fb07\"},\"headline\":\"Toimiva sosiaalihuolto\",\"datePublished\":\"2025-01-17T14:29:43+00:00\",\"dateModified\":\"2025-01-22T14:08:59+00:00\",\"mainEntityOfPage\":{\"@id\":\"https:\/\/val.sfp.fi\/valfardsomradesval\/fi\/toimiva-sosiaalihuolto\/\"},\"wordCount\":326,\"publisher\":{\"@id\":\"https:\/\/val.sfp.fi\/valfardsomradesval\/#organization\"},\"image\":{\"@id\":\"https:\/\/val.sfp.fi\/valfardsomradesval\/fi\/toimiva-sosiaalihuolto\/#primaryimage\"},\"thumbnailUrl\":\"https:\/\/val.sfp.fi\/valfardsomradesval\/wp-content\/uploads\/Fungerande-socialvard-scaled.jpg\",\"articleSection\":[\"Vaaliohjelma\"],\"inLanguage\":\"sv-SE\"},{\"@type\":\"WebPage\",\"@id\":\"https:\/\/val.sfp.fi\/valfardsomradesval\/fi\/toimiva-sosiaalihuolto\/\",\"url\":\"https:\/\/val.sfp.fi\/valfardsomradesval\/fi\/toimiva-sosiaalihuolto\/\",\"name\":\"Toimiva sosiaalihuolto &#8212; V\u00e4lf\u00e4rdsomr\u00e5desval 2025\",\"isPartOf\":{\"@id\":\"https:\/\/val.sfp.fi\/valfardsomradesval\/#website\"},\"primaryImageOfPage\":{\"@id\":\"https:\/\/val.sfp.fi\/valfardsomradesval\/fi\/toimiva-sosiaalihuolto\/#primaryimage\"},\"image\":{\"@id\":\"https:\/\/val.sfp.fi\/valfardsomradesval\/fi\/toimiva-sosiaalihuolto\/#primaryimage\"},\"thumbnailUrl\":\"https:\/\/val.sfp.fi\/valfardsomradesval\/wp-content\/uploads\/Fungerande-socialvard-scaled.jpg\",\"datePublished\":\"2025-01-17T14:29:43+00:00\",\"dateModified\":\"2025-01-22T14:08:59+00:00\",\"description\":\"V\u00e4lf\u00e4rdsomr\u00e5desval 2025 val sfp rkp kandidater kandidat\",\"breadcrumb\":{\"@id\":\"https:\/\/val.sfp.fi\/valfardsomradesval\/fi\/toimiva-sosiaalihuolto\/#breadcrumb\"},\"inLanguage\":\"sv-SE\",\"potentialAction\":[{\"@type\":\"ReadAction\",\"target\":[\"https:\/\/val.sfp.fi\/valfardsomradesval\/fi\/toimiva-sosiaalihuolto\/\"]}]},{\"@type\":\"ImageObject\",\"inLanguage\":\"sv-SE\",\"@id\":\"https:\/\/val.sfp.fi\/valfardsomradesval\/fi\/toimiva-sosiaalihuolto\/#primaryimage\",\"url\":\"https:\/\/val.sfp.fi\/valfardsomradesval\/wp-content\/uploads\/Fungerande-socialvard-scaled.jpg\",\"contentUrl\":\"https:\/\/val.sfp.fi\/valfardsomradesval\/wp-content\/uploads\/Fungerande-socialvard-scaled.jpg\",\"width\":2560,\"height\":1706},{\"@type\":\"BreadcrumbList\",\"@id\":\"https:\/\/val.sfp.fi\/valfardsomradesval\/fi\/toimiva-sosiaalihuolto\/#breadcrumb\",\"itemListElement\":[{\"@type\":\"ListItem\",\"position\":1,\"name\":\"Home\",\"item\":\"https:\/\/val.sfp.fi\/valfardsomradesval\/\"},{\"@type\":\"ListItem\",\"position\":2,\"name\":\"Toimiva sosiaalihuolto\"}]},{\"@type\":\"WebSite\",\"@id\":\"https:\/\/val.sfp.fi\/valfardsomradesval\/#website\",\"url\":\"https:\/\/val.sfp.fi\/valfardsomradesval\/\",\"name\":\"SFP - V\u00e4lf\u00e4rdsomr\u00e5desval 2025\",\"description\":\"\",\"publisher\":{\"@id\":\"https:\/\/val.sfp.fi\/valfardsomradesval\/#organization\"},\"potentialAction\":[{\"@type\":\"SearchAction\",\"target\":{\"@type\":\"EntryPoint\",\"urlTemplate\":\"https:\/\/val.sfp.fi\/valfardsomradesval\/?s={search_term_string}\"},\"query-input\":{\"@type\":\"PropertyValueSpecification\",\"valueRequired\":true,\"valueName\":\"search_term_string\"}}],\"inLanguage\":\"sv-SE\"},{\"@type\":\"Organization\",\"@id\":\"https:\/\/val.sfp.fi\/valfardsomradesval\/#organization\",\"name\":\"SFP RKP\",\"url\":\"https:\/\/val.sfp.fi\/valfardsomradesval\/\",\"logo\":{\"@type\":\"ImageObject\",\"inLanguage\":\"sv-SE\",\"@id\":\"https:\/\/val.sfp.fi\/valfardsomradesval\/#\/schema\/logo\/image\/\",\"url\":\"https:\/\/val.sfp.fi\/valfardsomradesval\/wp-content\/uploads\/SFP-RKP-logo.jpg\",\"contentUrl\":\"https:\/\/val.sfp.fi\/valfardsomradesval\/wp-content\/uploads\/SFP-RKP-logo.jpg\",\"width\":1483,\"height\":1483,\"caption\":\"SFP RKP\"},\"image\":{\"@id\":\"https:\/\/val.sfp.fi\/valfardsomradesval\/#\/schema\/logo\/image\/\"},\"sameAs\":[\"https:\/\/www.facebook.com\/sfprkp\/\",\"https:\/\/x.com\/sfprkp\",\"https:\/\/www.instagram.com\/sfprkp\/\",\"https:\/\/www.youtube.com\/sfprkp\",\"https:\/\/sv.wikipedia.org\/wiki\/Svenska_folkpartiet\"]},{\"@type\":\"Person\",\"@id\":\"https:\/\/val.sfp.fi\/valfardsomradesval\/#\/schema\/person\/56bf5f445f3dfdd90071144f6db7fb07\",\"name\":\"Little Developer\",\"image\":{\"@type\":\"ImageObject\",\"inLanguage\":\"sv-SE\",\"@id\":\"https:\/\/secure.gravatar.com\/avatar\/c0bbf076f183cc897650a42f79db0161a011c13b07a4d2246d5d561ba5db53d1?s=96&d=mm&r=g\",\"url\":\"https:\/\/secure.gravatar.com\/avatar\/c0bbf076f183cc897650a42f79db0161a011c13b07a4d2246d5d561ba5db53d1?s=96&d=mm&r=g\",\"contentUrl\":\"https:\/\/secure.gravatar.com\/avatar\/c0bbf076f183cc897650a42f79db0161a011c13b07a4d2246d5d561ba5db53d1?s=96&d=mm&r=g\",\"caption\":\"Little Developer\"}}]}<\/script>\n<!-- \/ Yoast SEO plugin. -->","yoast_head_json":{"title":"Toimiva sosiaalihuolto &#8212; V\u00e4lf\u00e4rdsomr\u00e5desval 2025","description":"V\u00e4lf\u00e4rdsomr\u00e5desval 2025 val sfp rkp kandidater kandidat","robots":{"index":"index","follow":"follow","max-snippet":"max-snippet:-1","max-image-preview":"max-image-preview:large","max-video-preview":"max-video-preview:-1"},"canonical":"https:\/\/val.sfp.fi\/valfardsomradesval\/fi\/toimiva-sosiaalihuolto\/","og_locale":"sv_SE","og_type":"article","og_title":"Toimiva sosiaalihuolto &#8212; V\u00e4lf\u00e4rdsomr\u00e5desval 2025","og_description":"V\u00e4lf\u00e4rdsomr\u00e5desval 2025 val sfp rkp kandidater kandidat","og_url":"https:\/\/val.sfp.fi\/valfardsomradesval\/fi\/toimiva-sosiaalihuolto\/","og_site_name":"V\u00e4lf\u00e4rdsomr\u00e5desval 2025","article_publisher":"https:\/\/www.facebook.com\/sfprkp\/","article_published_time":"2025-01-17T14:29:43+00:00","article_modified_time":"2025-01-22T14:08:59+00:00","og_image":[{"width":2560,"height":1706,"url":"https:\/\/stageval.sfp.fi\/valfardsomradesval\/wp-content\/uploads\/Fungerande-socialvard-scaled.jpg","type":"image\/jpeg"}],"author":"Little Developer","twitter_misc":{"Skriven av":"Little Developer","Ber\u00e4knad l\u00e4stid":"2 minuter"},"schema":{"@context":"https:\/\/schema.org","@graph":[{"@type":"Article","@id":"https:\/\/val.sfp.fi\/valfardsomradesval\/fi\/toimiva-sosiaalihuolto\/#article","isPartOf":{"@id":"https:\/\/val.sfp.fi\/valfardsomradesval\/fi\/toimiva-sosiaalihuolto\/"},"author":{"name":"Little Developer","@id":"https:\/\/val.sfp.fi\/valfardsomradesval\/#\/schema\/person\/56bf5f445f3dfdd90071144f6db7fb07"},"headline":"Toimiva sosiaalihuolto","datePublished":"2025-01-17T14:29:43+00:00","dateModified":"2025-01-22T14:08:59+00:00","mainEntityOfPage":{"@id":"https:\/\/val.sfp.fi\/valfardsomradesval\/fi\/toimiva-sosiaalihuolto\/"},"wordCount":326,"publisher":{"@id":"https:\/\/val.sfp.fi\/valfardsomradesval\/#organization"},"image":{"@id":"https:\/\/val.sfp.fi\/valfardsomradesval\/fi\/toimiva-sosiaalihuolto\/#primaryimage"},"thumbnailUrl":"https:\/\/val.sfp.fi\/valfardsomradesval\/wp-content\/uploads\/Fungerande-socialvard-scaled.jpg","articleSection":["Vaaliohjelma"],"inLanguage":"sv-SE"},{"@type":"WebPage","@id":"https:\/\/val.sfp.fi\/valfardsomradesval\/fi\/toimiva-sosiaalihuolto\/","url":"https:\/\/val.sfp.fi\/valfardsomradesval\/fi\/toimiva-sosiaalihuolto\/","name":"Toimiva sosiaalihuolto &#8212; V\u00e4lf\u00e4rdsomr\u00e5desval 2025","isPartOf":{"@id":"https:\/\/val.sfp.fi\/valfardsomradesval\/#website"},"primaryImageOfPage":{"@id":"https:\/\/val.sfp.fi\/valfardsomradesval\/fi\/toimiva-sosiaalihuolto\/#primaryimage"},"image":{"@id":"https:\/\/val.sfp.fi\/valfardsomradesval\/fi\/toimiva-sosiaalihuolto\/#primaryimage"},"thumbnailUrl":"https:\/\/val.sfp.fi\/valfardsomradesval\/wp-content\/uploads\/Fungerande-socialvard-scaled.jpg","datePublished":"2025-01-17T14:29:43+00:00","dateModified":"2025-01-22T14:08:59+00:00","description":"V\u00e4lf\u00e4rdsomr\u00e5desval 2025 val sfp rkp kandidater kandidat","breadcrumb":{"@id":"https:\/\/val.sfp.fi\/valfardsomradesval\/fi\/toimiva-sosiaalihuolto\/#breadcrumb"},"inLanguage":"sv-SE","potentialAction":[{"@type":"ReadAction","target":["https:\/\/val.sfp.fi\/valfardsomradesval\/fi\/toimiva-sosiaalihuolto\/"]}]},{"@type":"ImageObject","inLanguage":"sv-SE","@id":"https:\/\/val.sfp.fi\/valfardsomradesval\/fi\/toimiva-sosiaalihuolto\/#primaryimage","url":"https:\/\/val.sfp.fi\/valfardsomradesval\/wp-content\/uploads\/Fungerande-socialvard-scaled.jpg","contentUrl":"https:\/\/val.sfp.fi\/valfardsomradesval\/wp-content\/uploads\/Fungerande-socialvard-scaled.jpg","width":2560,"height":1706},{"@type":"BreadcrumbList","@id":"https:\/\/val.sfp.fi\/valfardsomradesval\/fi\/toimiva-sosiaalihuolto\/#breadcrumb","itemListElement":[{"@type":"ListItem","position":1,"name":"Home","item":"https:\/\/val.sfp.fi\/valfardsomradesval\/"},{"@type":"ListItem","position":2,"name":"Toimiva sosiaalihuolto"}]},{"@type":"WebSite","@id":"https:\/\/val.sfp.fi\/valfardsomradesval\/#website","url":"https:\/\/val.sfp.fi\/valfardsomradesval\/","name":"SFP - V\u00e4lf\u00e4rdsomr\u00e5desval 2025","description":"","publisher":{"@id":"https:\/\/val.sfp.fi\/valfardsomradesval\/#organization"},"potentialAction":[{"@type":"SearchAction","target":{"@type":"EntryPoint","urlTemplate":"https:\/\/val.sfp.fi\/valfardsomradesval\/?s={search_term_string}"},"query-input":{"@type":"PropertyValueSpecification","valueRequired":true,"valueName":"search_term_string"}}],"inLanguage":"sv-SE"},{"@type":"Organization","@id":"https:\/\/val.sfp.fi\/valfardsomradesval\/#organization","name":"SFP RKP","url":"https:\/\/val.sfp.fi\/valfardsomradesval\/","logo":{"@type":"ImageObject","inLanguage":"sv-SE","@id":"https:\/\/val.sfp.fi\/valfardsomradesval\/#\/schema\/logo\/image\/","url":"https:\/\/val.sfp.fi\/valfardsomradesval\/wp-content\/uploads\/SFP-RKP-logo.jpg","contentUrl":"https:\/\/val.sfp.fi\/valfardsomradesval\/wp-content\/uploads\/SFP-RKP-logo.jpg","width":1483,"height":1483,"caption":"SFP RKP"},"image":{"@id":"https:\/\/val.sfp.fi\/valfardsomradesval\/#\/schema\/logo\/image\/"},"sameAs":["https:\/\/www.facebook.com\/sfprkp\/","https:\/\/x.com\/sfprkp","https:\/\/www.instagram.com\/sfprkp\/","https:\/\/www.youtube.com\/sfprkp","https:\/\/sv.wikipedia.org\/wiki\/Svenska_folkpartiet"]},{"@type":"Person","@id":"https:\/\/val.sfp.fi\/valfardsomradesval\/#\/schema\/person\/56bf5f445f3dfdd90071144f6db7fb07","name":"Little Developer","image":{"@type":"ImageObject","inLanguage":"sv-SE","@id":"https:\/\/secure.gravatar.com\/avatar\/c0bbf076f183cc897650a42f79db0161a011c13b07a4d2246d5d561ba5db53d1?s=96&d=mm&r=g","url":"https:\/\/secure.gravatar.com\/avatar\/c0bbf076f183cc897650a42f79db0161a011c13b07a4d2246d5d561ba5db53d1?s=96&d=mm&r=g","contentUrl":"https:\/\/secure.gravatar.com\/avatar\/c0bbf076f183cc897650a42f79db0161a011c13b07a4d2246d5d561ba5db53d1?s=96&d=mm&r=g","caption":"Little Developer"}}]}},"lang":"fi","translations":{"fi":40531,"sv":40488,"en":42142},"pll_sync_post":[],"_links":{"self":[{"href":"https:\/\/val.sfp.fi\/valfardsomradesval\/wp-json\/wp\/v2\/posts\/40531","targetHints":{"allow":["GET"]}}],"collection":[{"href":"https:\/\/val.sfp.fi\/valfardsomradesval\/wp-json\/wp\/v2\/posts"}],"about":[{"href":"https:\/\/val.sfp.fi\/valfardsomradesval\/wp-json\/wp\/v2\/types\/post"}],"author":[{"embeddable":true,"href":"https:\/\/val.sfp.fi\/valfardsomradesval\/wp-json\/wp\/v2\/users\/228"}],"replies":[{"embeddable":true,"href":"https:\/\/val.sfp.fi\/valfardsomradesval\/wp-json\/wp\/v2\/comments?post=40531"}],"version-history":[{"count":1,"href":"https:\/\/val.sfp.fi\/valfardsomradesval\/wp-json\/wp\/v2\/posts\/40531\/revisions"}],"predecessor-version":[{"id":40532,"href":"https:\/\/val.sfp.fi\/valfardsomradesval\/wp-json\/wp\/v2\/posts\/40531\/revisions\/40532"}],"wp:featuredmedia":[{"embeddable":true,"href":"https:\/\/val.sfp.fi\/valfardsomradesval\/wp-json\/wp\/v2\/media\/42164"}],"wp:attachment":[{"href":"https:\/\/val.sfp.fi\/valfardsomradesval\/wp-json\/wp\/v2\/media?parent=40531"}],"wp:term":[{"taxonomy":"category","embeddable":true,"href":"https:\/\/val.sfp.fi\/valfardsomradesval\/wp-json\/wp\/v2\/categories?post=40531"},{"taxonomy":"post_tag","embeddable":true,"href":"https:\/\/val.sfp.fi\/valfardsomradesval\/wp-json\/wp\/v2\/tags?post=40531"}],"curies":[{"name":"wp","href":"https:\/\/api.w.org\/{rel}","templated":true}]}}