{"id":40527,"date":"2025-01-17T16:28:38","date_gmt":"2025-01-17T14:28:38","guid":{"rendered":"https:\/\/stageval.sfp.fi\/valfardsomradesval\/?p=40527"},"modified":"2025-01-27T09:56:03","modified_gmt":"2025-01-27T07:56:03","slug":"saavutettava-terveydenhuolto","status":"publish","type":"post","link":"https:\/\/val.sfp.fi\/valfardsomradesval\/fi\/saavutettava-terveydenhuolto\/","title":{"rendered":"Saavutettava terveydenhuolto"},"content":{"rendered":"<p>Sairastumista ei voi valita, ja onnettomuus voi tapahtua yll\u00e4tt\u00e4en. Turvallisuuden tunne tulee siit\u00e4, ett\u00e4 tied\u00e4mme, ett\u00e4 hoitopalveluja ja apua on saatavilla silloin, kun niit\u00e4 tarvitsemme. Terveydenhuollon on oltava asuinpaikastasi riippumatta helposti tavoitettavissa. Haluamme, ett\u00e4 perusterveydenhuolto on mahdollisimman l\u00e4hell\u00e4 sinua. Koko yhteiskunta hy\u00f6tyy siit\u00e4, ett\u00e4 saamme oikeanlaista apua ja tukea v\u00e4litt\u00f6m\u00e4sti niit\u00e4 tarvitessamme.<\/p>\n<p>Meille on t\u00e4rke\u00e4\u00e4, ett\u00e4 ennaltaehk\u00e4isev\u00e4 terveydenhoito ja kuntoutus ovat keskeisess\u00e4 asemassa. Palveluja on oltava tarjolla ja niiden on oltava tarkoituksenmukaisia. Kuntoutusta ja ennaltaehk\u00e4isev\u00e4\u00e4 terveydenhoitoa tarvitaan edist\u00e4m\u00e4\u00e4n hyvinvointiamme sek\u00e4 sosiaalista ja fyysist\u00e4 toimintakyky\u00e4mme. Kuntoutus ja ennaltaehk\u00e4isev\u00e4 terveydenhoito v\u00e4hent\u00e4v\u00e4t my\u00f6s terveydenhuollon kustannuksia. Sairauksia ja ongelmien syntymist\u00e4 ehk\u00e4isev\u00e4 hoito on kaikkein tehokkainta. Siksi on itsest\u00e4\u00e4n selv\u00e4\u00e4, ett\u00e4 my\u00f6s paperittomilla on oikeus terveys- ja sairaanhoitopalveluihin.<\/p>\n<p>&nbsp;<\/p>\n<p><strong>RKP haluaa<\/strong><\/p>\n<ul>\n<li>ett\u00e4 kaikissa kunnissa on helposti saatavilla olevia sosiaali- ja terveydenhoitopalveluja<\/li>\n<li>lyhent\u00e4\u00e4 hoitojonoja muun muassa palvelusetelien ja digitaalisten palvelujen avulla sek\u00e4 lis\u00e4\u00e4m\u00e4ll\u00e4 l\u00e4\u00e4k\u00e4reiden ja hoitajien m\u00e4\u00e4r\u00e4\u00e4<\/li>\n<li>ett\u00e4 kehitet\u00e4\u00e4n omal\u00e4\u00e4k\u00e4ri- ja omahoitajaj\u00e4rjestelm\u00e4, koska tuttujen ihmisten antama hoito luo turvallisuutta<\/li>\n<li>panostuksia digitaalisiin palveluihin sek\u00e4 liikkuviin, terveysbussien kaltaisiin palveluihin muun muassa hoitopalvelujen saatavuuden parantamiseksi maaseudulla ja saaristossa<\/li>\n<li>ett\u00e4 terveyskeskusten resursointia mielenterveyden ongelmien ehk\u00e4isemiseen vahvistetaan<\/li>\n<li>ett\u00e4 hyvinvointialueet pyrkiv\u00e4t siihen, ett\u00e4 perusterveydenhuollossa p\u00e4\u00e4see hoitoon seitsem\u00e4n vuorokauden kuluessa, ja ett\u00e4 t\u00e4m\u00e4 koskee my\u00f6s mielenterveyspalveluja<\/li>\n<li>ett\u00e4 tarvitessasi saat ajan hammasl\u00e4\u00e4k\u00e4rille tai suuhygienistille<\/li>\n<li>ett\u00e4 lyhytpsykoterapia- tai vastaavia psykososiaalipalveluja tuotetaan hyvinvointialueella omana palveluna, ostopalveluna tai palveluseteleit\u00e4 k\u00e4ytt\u00e4en<\/li>\n<li>ett\u00e4 tarjolla on erilaisia, chattien ja puhelinp\u00e4ivystyksen kaltaisia matalan kynnyksen palveluja<\/li>\n<li>ett\u00e4 naisten ja miesten terveyserot otetaan huomioon terveydenhuollossa<\/li>\n<li>ett\u00e4 maksuttoman rintasy\u00f6p\u00e4seulonnan ik\u00e4haarukka on 40-74 vuotta<\/li>\n<li>ett\u00e4 terveydenhuollossa tarjotaan vaihdevuosineuvontaa<\/li>\n<li>ett\u00e4 paperittomilla on oikeus kiireett\u00f6miin terveys- ja sairaanhoitopalveluihin<\/li>\n<li>ehk\u00e4ist\u00e4 kohdunkaulan sy\u00f6p\u00e4\u00e4 varmistamalla, ett\u00e4 seulontakutsut l\u00e4hetet\u00e4\u00e4n aikataulutettuina.<\/li>\n<\/ul>\n","protected":false},"excerpt":{"rendered":"<p>Sairastumista ei voi valita, ja onnettomuus voi tapahtua yll\u00e4tt\u00e4en. Turvallisuuden tunne tulee siit\u00e4, ett\u00e4 tied\u00e4mme, ett\u00e4 hoitopalveluja ja apua on saatavilla silloin, kun niit\u00e4 tarvitsemme. Terveydenhuollon on oltava asuinpaikastasi riippumatta<a class=\"excerpt-read-more\" href=\"https:\/\/val.sfp.fi\/valfardsomradesval\/fi\/saavutettava-terveydenhuolto\/\" title=\"L\u00e4sSaavutettava terveydenhuolto\">&#8230;<\/a><\/p>\n","protected":false},"author":228,"featured_media":42166,"comment_status":"closed","ping_status":"closed","sticky":false,"template":"","format":"standard","meta":{"_acf_changed":false,"footnotes":""},"categories":[267],"tags":[],"class_list":["post-40527","post","type-post","status-publish","format-standard","has-post-thumbnail","hentry","category-vaaliohjelma","theme-saatavilla-olevat-terveyspalvelut"],"acf":[],"yoast_head":"<!-- This site is optimized with the Yoast SEO plugin v27.2 - https:\/\/yoast.com\/product\/yoast-seo-wordpress\/ -->\n<title>Saavutettava terveydenhuolto &#8212; V\u00e4lf\u00e4rdsomr\u00e5desval 2025<\/title>\n<meta name=\"description\" content=\"V\u00e4lf\u00e4rdsomr\u00e5desval 2025 val sfp rkp kandidater kandidat\" \/>\n<meta name=\"robots\" content=\"index, follow, max-snippet:-1, max-image-preview:large, max-video-preview:-1\" \/>\n<link rel=\"canonical\" href=\"https:\/\/val.sfp.fi\/valfardsomradesval\/fi\/saavutettava-terveydenhuolto\/\" \/>\n<meta property=\"og:locale\" content=\"sv_SE\" \/>\n<meta property=\"og:type\" content=\"article\" \/>\n<meta property=\"og:title\" content=\"Saavutettava terveydenhuolto &#8212; V\u00e4lf\u00e4rdsomr\u00e5desval 2025\" \/>\n<meta property=\"og:description\" content=\"V\u00e4lf\u00e4rdsomr\u00e5desval 2025 val sfp rkp kandidater kandidat\" \/>\n<meta property=\"og:url\" content=\"https:\/\/val.sfp.fi\/valfardsomradesval\/fi\/saavutettava-terveydenhuolto\/\" \/>\n<meta property=\"og:site_name\" content=\"V\u00e4lf\u00e4rdsomr\u00e5desval 2025\" \/>\n<meta property=\"article:publisher\" content=\"https:\/\/www.facebook.com\/sfprkp\/\" \/>\n<meta property=\"article:published_time\" content=\"2025-01-17T14:28:38+00:00\" \/>\n<meta property=\"article:modified_time\" content=\"2025-01-27T07:56:03+00:00\" \/>\n<meta property=\"og:image\" content=\"https:\/\/val.sfp.fi\/valfardsomradesval\/wp-content\/uploads\/Tillganglig-halsovard-scaled.jpg\" \/>\n\t<meta property=\"og:image:width\" content=\"2560\" \/>\n\t<meta property=\"og:image:height\" content=\"1706\" \/>\n\t<meta property=\"og:image:type\" content=\"image\/jpeg\" \/>\n<meta name=\"author\" content=\"Little Developer\" \/>\n<meta name=\"twitter:label1\" content=\"Skriven av\" \/>\n\t<meta name=\"twitter:data1\" content=\"Little Developer\" \/>\n\t<meta name=\"twitter:label2\" content=\"Ber\u00e4knad l\u00e4stid\" \/>\n\t<meta name=\"twitter:data2\" content=\"2 minuter\" \/>\n<script type=\"application\/ld+json\" class=\"yoast-schema-graph\">{\"@context\":\"https:\/\/schema.org\",\"@graph\":[{\"@type\":\"Article\",\"@id\":\"https:\/\/val.sfp.fi\/valfardsomradesval\/fi\/saavutettava-terveydenhuolto\/#article\",\"isPartOf\":{\"@id\":\"https:\/\/val.sfp.fi\/valfardsomradesval\/fi\/saavutettava-terveydenhuolto\/\"},\"author\":{\"name\":\"Little Developer\",\"@id\":\"https:\/\/val.sfp.fi\/valfardsomradesval\/#\/schema\/person\/56bf5f445f3dfdd90071144f6db7fb07\"},\"headline\":\"Saavutettava terveydenhuolto\",\"datePublished\":\"2025-01-17T14:28:38+00:00\",\"dateModified\":\"2025-01-27T07:56:03+00:00\",\"mainEntityOfPage\":{\"@id\":\"https:\/\/val.sfp.fi\/valfardsomradesval\/fi\/saavutettava-terveydenhuolto\/\"},\"wordCount\":311,\"publisher\":{\"@id\":\"https:\/\/val.sfp.fi\/valfardsomradesval\/#organization\"},\"image\":{\"@id\":\"https:\/\/val.sfp.fi\/valfardsomradesval\/fi\/saavutettava-terveydenhuolto\/#primaryimage\"},\"thumbnailUrl\":\"https:\/\/val.sfp.fi\/valfardsomradesval\/wp-content\/uploads\/Tillganglig-halsovard-scaled.jpg\",\"articleSection\":[\"Vaaliohjelma\"],\"inLanguage\":\"sv-SE\"},{\"@type\":\"WebPage\",\"@id\":\"https:\/\/val.sfp.fi\/valfardsomradesval\/fi\/saavutettava-terveydenhuolto\/\",\"url\":\"https:\/\/val.sfp.fi\/valfardsomradesval\/fi\/saavutettava-terveydenhuolto\/\",\"name\":\"Saavutettava terveydenhuolto &#8212; V\u00e4lf\u00e4rdsomr\u00e5desval 2025\",\"isPartOf\":{\"@id\":\"https:\/\/val.sfp.fi\/valfardsomradesval\/#website\"},\"primaryImageOfPage\":{\"@id\":\"https:\/\/val.sfp.fi\/valfardsomradesval\/fi\/saavutettava-terveydenhuolto\/#primaryimage\"},\"image\":{\"@id\":\"https:\/\/val.sfp.fi\/valfardsomradesval\/fi\/saavutettava-terveydenhuolto\/#primaryimage\"},\"thumbnailUrl\":\"https:\/\/val.sfp.fi\/valfardsomradesval\/wp-content\/uploads\/Tillganglig-halsovard-scaled.jpg\",\"datePublished\":\"2025-01-17T14:28:38+00:00\",\"dateModified\":\"2025-01-27T07:56:03+00:00\",\"description\":\"V\u00e4lf\u00e4rdsomr\u00e5desval 2025 val sfp rkp kandidater kandidat\",\"breadcrumb\":{\"@id\":\"https:\/\/val.sfp.fi\/valfardsomradesval\/fi\/saavutettava-terveydenhuolto\/#breadcrumb\"},\"inLanguage\":\"sv-SE\",\"potentialAction\":[{\"@type\":\"ReadAction\",\"target\":[\"https:\/\/val.sfp.fi\/valfardsomradesval\/fi\/saavutettava-terveydenhuolto\/\"]}]},{\"@type\":\"ImageObject\",\"inLanguage\":\"sv-SE\",\"@id\":\"https:\/\/val.sfp.fi\/valfardsomradesval\/fi\/saavutettava-terveydenhuolto\/#primaryimage\",\"url\":\"https:\/\/val.sfp.fi\/valfardsomradesval\/wp-content\/uploads\/Tillganglig-halsovard-scaled.jpg\",\"contentUrl\":\"https:\/\/val.sfp.fi\/valfardsomradesval\/wp-content\/uploads\/Tillganglig-halsovard-scaled.jpg\",\"width\":2560,\"height\":1706},{\"@type\":\"BreadcrumbList\",\"@id\":\"https:\/\/val.sfp.fi\/valfardsomradesval\/fi\/saavutettava-terveydenhuolto\/#breadcrumb\",\"itemListElement\":[{\"@type\":\"ListItem\",\"position\":1,\"name\":\"Home\",\"item\":\"https:\/\/val.sfp.fi\/valfardsomradesval\/\"},{\"@type\":\"ListItem\",\"position\":2,\"name\":\"Saavutettava terveydenhuolto\"}]},{\"@type\":\"WebSite\",\"@id\":\"https:\/\/val.sfp.fi\/valfardsomradesval\/#website\",\"url\":\"https:\/\/val.sfp.fi\/valfardsomradesval\/\",\"name\":\"SFP - V\u00e4lf\u00e4rdsomr\u00e5desval 2025\",\"description\":\"\",\"publisher\":{\"@id\":\"https:\/\/val.sfp.fi\/valfardsomradesval\/#organization\"},\"potentialAction\":[{\"@type\":\"SearchAction\",\"target\":{\"@type\":\"EntryPoint\",\"urlTemplate\":\"https:\/\/val.sfp.fi\/valfardsomradesval\/?s={search_term_string}\"},\"query-input\":{\"@type\":\"PropertyValueSpecification\",\"valueRequired\":true,\"valueName\":\"search_term_string\"}}],\"inLanguage\":\"sv-SE\"},{\"@type\":\"Organization\",\"@id\":\"https:\/\/val.sfp.fi\/valfardsomradesval\/#organization\",\"name\":\"SFP RKP\",\"url\":\"https:\/\/val.sfp.fi\/valfardsomradesval\/\",\"logo\":{\"@type\":\"ImageObject\",\"inLanguage\":\"sv-SE\",\"@id\":\"https:\/\/val.sfp.fi\/valfardsomradesval\/#\/schema\/logo\/image\/\",\"url\":\"https:\/\/val.sfp.fi\/valfardsomradesval\/wp-content\/uploads\/SFP-RKP-logo.jpg\",\"contentUrl\":\"https:\/\/val.sfp.fi\/valfardsomradesval\/wp-content\/uploads\/SFP-RKP-logo.jpg\",\"width\":1483,\"height\":1483,\"caption\":\"SFP RKP\"},\"image\":{\"@id\":\"https:\/\/val.sfp.fi\/valfardsomradesval\/#\/schema\/logo\/image\/\"},\"sameAs\":[\"https:\/\/www.facebook.com\/sfprkp\/\",\"https:\/\/x.com\/sfprkp\",\"https:\/\/www.instagram.com\/sfprkp\/\",\"https:\/\/www.youtube.com\/sfprkp\",\"https:\/\/sv.wikipedia.org\/wiki\/Svenska_folkpartiet\"]},{\"@type\":\"Person\",\"@id\":\"https:\/\/val.sfp.fi\/valfardsomradesval\/#\/schema\/person\/56bf5f445f3dfdd90071144f6db7fb07\",\"name\":\"Little Developer\",\"image\":{\"@type\":\"ImageObject\",\"inLanguage\":\"sv-SE\",\"@id\":\"https:\/\/secure.gravatar.com\/avatar\/c0bbf076f183cc897650a42f79db0161a011c13b07a4d2246d5d561ba5db53d1?s=96&d=mm&r=g\",\"url\":\"https:\/\/secure.gravatar.com\/avatar\/c0bbf076f183cc897650a42f79db0161a011c13b07a4d2246d5d561ba5db53d1?s=96&d=mm&r=g\",\"contentUrl\":\"https:\/\/secure.gravatar.com\/avatar\/c0bbf076f183cc897650a42f79db0161a011c13b07a4d2246d5d561ba5db53d1?s=96&d=mm&r=g\",\"caption\":\"Little Developer\"}}]}<\/script>\n<!-- \/ Yoast SEO plugin. -->","yoast_head_json":{"title":"Saavutettava terveydenhuolto &#8212; V\u00e4lf\u00e4rdsomr\u00e5desval 2025","description":"V\u00e4lf\u00e4rdsomr\u00e5desval 2025 val sfp rkp kandidater kandidat","robots":{"index":"index","follow":"follow","max-snippet":"max-snippet:-1","max-image-preview":"max-image-preview:large","max-video-preview":"max-video-preview:-1"},"canonical":"https:\/\/val.sfp.fi\/valfardsomradesval\/fi\/saavutettava-terveydenhuolto\/","og_locale":"sv_SE","og_type":"article","og_title":"Saavutettava terveydenhuolto &#8212; V\u00e4lf\u00e4rdsomr\u00e5desval 2025","og_description":"V\u00e4lf\u00e4rdsomr\u00e5desval 2025 val sfp rkp kandidater kandidat","og_url":"https:\/\/val.sfp.fi\/valfardsomradesval\/fi\/saavutettava-terveydenhuolto\/","og_site_name":"V\u00e4lf\u00e4rdsomr\u00e5desval 2025","article_publisher":"https:\/\/www.facebook.com\/sfprkp\/","article_published_time":"2025-01-17T14:28:38+00:00","article_modified_time":"2025-01-27T07:56:03+00:00","og_image":[{"width":2560,"height":1706,"url":"https:\/\/val.sfp.fi\/valfardsomradesval\/wp-content\/uploads\/Tillganglig-halsovard-scaled.jpg","type":"image\/jpeg"}],"author":"Little Developer","twitter_misc":{"Skriven av":"Little Developer","Ber\u00e4knad l\u00e4stid":"2 minuter"},"schema":{"@context":"https:\/\/schema.org","@graph":[{"@type":"Article","@id":"https:\/\/val.sfp.fi\/valfardsomradesval\/fi\/saavutettava-terveydenhuolto\/#article","isPartOf":{"@id":"https:\/\/val.sfp.fi\/valfardsomradesval\/fi\/saavutettava-terveydenhuolto\/"},"author":{"name":"Little Developer","@id":"https:\/\/val.sfp.fi\/valfardsomradesval\/#\/schema\/person\/56bf5f445f3dfdd90071144f6db7fb07"},"headline":"Saavutettava terveydenhuolto","datePublished":"2025-01-17T14:28:38+00:00","dateModified":"2025-01-27T07:56:03+00:00","mainEntityOfPage":{"@id":"https:\/\/val.sfp.fi\/valfardsomradesval\/fi\/saavutettava-terveydenhuolto\/"},"wordCount":311,"publisher":{"@id":"https:\/\/val.sfp.fi\/valfardsomradesval\/#organization"},"image":{"@id":"https:\/\/val.sfp.fi\/valfardsomradesval\/fi\/saavutettava-terveydenhuolto\/#primaryimage"},"thumbnailUrl":"https:\/\/val.sfp.fi\/valfardsomradesval\/wp-content\/uploads\/Tillganglig-halsovard-scaled.jpg","articleSection":["Vaaliohjelma"],"inLanguage":"sv-SE"},{"@type":"WebPage","@id":"https:\/\/val.sfp.fi\/valfardsomradesval\/fi\/saavutettava-terveydenhuolto\/","url":"https:\/\/val.sfp.fi\/valfardsomradesval\/fi\/saavutettava-terveydenhuolto\/","name":"Saavutettava terveydenhuolto &#8212; V\u00e4lf\u00e4rdsomr\u00e5desval 2025","isPartOf":{"@id":"https:\/\/val.sfp.fi\/valfardsomradesval\/#website"},"primaryImageOfPage":{"@id":"https:\/\/val.sfp.fi\/valfardsomradesval\/fi\/saavutettava-terveydenhuolto\/#primaryimage"},"image":{"@id":"https:\/\/val.sfp.fi\/valfardsomradesval\/fi\/saavutettava-terveydenhuolto\/#primaryimage"},"thumbnailUrl":"https:\/\/val.sfp.fi\/valfardsomradesval\/wp-content\/uploads\/Tillganglig-halsovard-scaled.jpg","datePublished":"2025-01-17T14:28:38+00:00","dateModified":"2025-01-27T07:56:03+00:00","description":"V\u00e4lf\u00e4rdsomr\u00e5desval 2025 val sfp rkp kandidater kandidat","breadcrumb":{"@id":"https:\/\/val.sfp.fi\/valfardsomradesval\/fi\/saavutettava-terveydenhuolto\/#breadcrumb"},"inLanguage":"sv-SE","potentialAction":[{"@type":"ReadAction","target":["https:\/\/val.sfp.fi\/valfardsomradesval\/fi\/saavutettava-terveydenhuolto\/"]}]},{"@type":"ImageObject","inLanguage":"sv-SE","@id":"https:\/\/val.sfp.fi\/valfardsomradesval\/fi\/saavutettava-terveydenhuolto\/#primaryimage","url":"https:\/\/val.sfp.fi\/valfardsomradesval\/wp-content\/uploads\/Tillganglig-halsovard-scaled.jpg","contentUrl":"https:\/\/val.sfp.fi\/valfardsomradesval\/wp-content\/uploads\/Tillganglig-halsovard-scaled.jpg","width":2560,"height":1706},{"@type":"BreadcrumbList","@id":"https:\/\/val.sfp.fi\/valfardsomradesval\/fi\/saavutettava-terveydenhuolto\/#breadcrumb","itemListElement":[{"@type":"ListItem","position":1,"name":"Home","item":"https:\/\/val.sfp.fi\/valfardsomradesval\/"},{"@type":"ListItem","position":2,"name":"Saavutettava terveydenhuolto"}]},{"@type":"WebSite","@id":"https:\/\/val.sfp.fi\/valfardsomradesval\/#website","url":"https:\/\/val.sfp.fi\/valfardsomradesval\/","name":"SFP - V\u00e4lf\u00e4rdsomr\u00e5desval 2025","description":"","publisher":{"@id":"https:\/\/val.sfp.fi\/valfardsomradesval\/#organization"},"potentialAction":[{"@type":"SearchAction","target":{"@type":"EntryPoint","urlTemplate":"https:\/\/val.sfp.fi\/valfardsomradesval\/?s={search_term_string}"},"query-input":{"@type":"PropertyValueSpecification","valueRequired":true,"valueName":"search_term_string"}}],"inLanguage":"sv-SE"},{"@type":"Organization","@id":"https:\/\/val.sfp.fi\/valfardsomradesval\/#organization","name":"SFP RKP","url":"https:\/\/val.sfp.fi\/valfardsomradesval\/","logo":{"@type":"ImageObject","inLanguage":"sv-SE","@id":"https:\/\/val.sfp.fi\/valfardsomradesval\/#\/schema\/logo\/image\/","url":"https:\/\/val.sfp.fi\/valfardsomradesval\/wp-content\/uploads\/SFP-RKP-logo.jpg","contentUrl":"https:\/\/val.sfp.fi\/valfardsomradesval\/wp-content\/uploads\/SFP-RKP-logo.jpg","width":1483,"height":1483,"caption":"SFP RKP"},"image":{"@id":"https:\/\/val.sfp.fi\/valfardsomradesval\/#\/schema\/logo\/image\/"},"sameAs":["https:\/\/www.facebook.com\/sfprkp\/","https:\/\/x.com\/sfprkp","https:\/\/www.instagram.com\/sfprkp\/","https:\/\/www.youtube.com\/sfprkp","https:\/\/sv.wikipedia.org\/wiki\/Svenska_folkpartiet"]},{"@type":"Person","@id":"https:\/\/val.sfp.fi\/valfardsomradesval\/#\/schema\/person\/56bf5f445f3dfdd90071144f6db7fb07","name":"Little Developer","image":{"@type":"ImageObject","inLanguage":"sv-SE","@id":"https:\/\/secure.gravatar.com\/avatar\/c0bbf076f183cc897650a42f79db0161a011c13b07a4d2246d5d561ba5db53d1?s=96&d=mm&r=g","url":"https:\/\/secure.gravatar.com\/avatar\/c0bbf076f183cc897650a42f79db0161a011c13b07a4d2246d5d561ba5db53d1?s=96&d=mm&r=g","contentUrl":"https:\/\/secure.gravatar.com\/avatar\/c0bbf076f183cc897650a42f79db0161a011c13b07a4d2246d5d561ba5db53d1?s=96&d=mm&r=g","caption":"Little Developer"}}]}},"lang":"fi","translations":{"fi":40527,"sv":40484,"en":42148},"pll_sync_post":[],"_links":{"self":[{"href":"https:\/\/val.sfp.fi\/valfardsomradesval\/wp-json\/wp\/v2\/posts\/40527","targetHints":{"allow":["GET"]}}],"collection":[{"href":"https:\/\/val.sfp.fi\/valfardsomradesval\/wp-json\/wp\/v2\/posts"}],"about":[{"href":"https:\/\/val.sfp.fi\/valfardsomradesval\/wp-json\/wp\/v2\/types\/post"}],"author":[{"embeddable":true,"href":"https:\/\/val.sfp.fi\/valfardsomradesval\/wp-json\/wp\/v2\/users\/228"}],"replies":[{"embeddable":true,"href":"https:\/\/val.sfp.fi\/valfardsomradesval\/wp-json\/wp\/v2\/comments?post=40527"}],"version-history":[{"count":3,"href":"https:\/\/val.sfp.fi\/valfardsomradesval\/wp-json\/wp\/v2\/posts\/40527\/revisions"}],"predecessor-version":[{"id":42363,"href":"https:\/\/val.sfp.fi\/valfardsomradesval\/wp-json\/wp\/v2\/posts\/40527\/revisions\/42363"}],"wp:featuredmedia":[{"embeddable":true,"href":"https:\/\/val.sfp.fi\/valfardsomradesval\/wp-json\/wp\/v2\/media\/42166"}],"wp:attachment":[{"href":"https:\/\/val.sfp.fi\/valfardsomradesval\/wp-json\/wp\/v2\/media?parent=40527"}],"wp:term":[{"taxonomy":"category","embeddable":true,"href":"https:\/\/val.sfp.fi\/valfardsomradesval\/wp-json\/wp\/v2\/categories?post=40527"},{"taxonomy":"post_tag","embeddable":true,"href":"https:\/\/val.sfp.fi\/valfardsomradesval\/wp-json\/wp\/v2\/tags?post=40527"}],"curies":[{"name":"wp","href":"https:\/\/api.w.org\/{rel}","templated":true}]}}