{"id":40525,"date":"2025-01-17T16:28:00","date_gmt":"2025-01-17T14:28:00","guid":{"rendered":"https:\/\/stageval.sfp.fi\/valfardsomradesval\/?p=40525"},"modified":"2025-01-27T09:46:19","modified_gmt":"2025-01-27T07:46:19","slug":"turvallinen-elama","status":"publish","type":"post","link":"https:\/\/val.sfp.fi\/valfardsomradesval\/fi\/turvallinen-elama\/","title":{"rendered":"Turvallinen el\u00e4m\u00e4"},"content":{"rendered":"<p>Turvallisuus on onnellisen el\u00e4m\u00e4n perusta. Kun tied\u00e4t saavasi apua sit\u00e4 tarvitessasi, ja sinua tuetaan erilaisissa el\u00e4m\u00e4ntilanteissa, on helpompi keskitty\u00e4 opintoihin, t\u00f6ihin ja yhteiseloon sinulle t\u00e4rkeiden ihmisten kanssa.<\/p>\n<p>RKP haluaa tehd\u00e4 ty\u00f6t\u00e4 turvallisen ja joustavan arjen eteen. Hoito- ja hoivapalveluja on oltava saatavilla tarvittaessa ja turvallisissa olosuhteissa. Kaikkien oikeus hyv\u00e4\u00e4n hoitoon ja hoivaan on turvattava asuinpaikkakunnasta, tuloista ja \u00e4idinkielest\u00e4 riippumatta. Palveluja on oltava tarjolla ja niiden on toimittava yhdenvertaisesti kummallakin kansalliskielell\u00e4mme. Sinun on saatava tarvitsemiasi hoitopalveluja ja apua yhden luukun periaatteella.<\/p>\n<p>Hoito- ja hoivapalvelujen tarjonta tulee muuttumaan. Siksi esimerkiksi liikkuvat ja digitaaliset palvelut saattavat olla yksi tapa parantaa palvelujen saatavuutta. Hyvinvointialueilla on oltava riitt\u00e4v\u00e4sti osaamista digitalisaation ja teko\u00e4lyn hy\u00f6dynt\u00e4miseksi hoitopalveluissa.<\/p>\n<p>Yksityist\u00e4 ja kolmatta sektoria tarvitaan t\u00e4ydent\u00e4m\u00e4\u00e4n julkisia sosiaali- ja terveyspalveluja. Haluamme, ett\u00e4 kaikki hyvinvointialueet hoitavat talouttaan vastuullisesti. Teemme ty\u00f6t\u00e4 sen eteen, ett\u00e4 hyvinvointialueiden rahoitus jakaantuu oikeudenmukaisesti ennakoivaa ja kuntouttavaa hoitoa painottaen. Meid\u00e4n on hillitt\u00e4v\u00e4 etenkin erikoissairaanhoidon kustannusten nousua pidemm\u00e4ll\u00e4 aikav\u00e4lill\u00e4.<\/p>\n<p>&nbsp;<\/p>\n<p><strong>RKP haluaa<\/strong><\/p>\n<ul>\n<li>turvata kaikkien asukkaiden terveys- ja sairaanhoitopalvelut<\/li>\n<li>ett\u00e4 kuntien ja hyvinvointialueiden v\u00e4linen yhteisty\u00f6 on toimivaa<\/li>\n<li>ett\u00e4 hoito- ja hoivapalvelujen digitaalisia palveluja kehitet\u00e4\u00e4n<\/li>\n<li>ett\u00e4 kaikki hyvinvointialueen toiminta on tasa-arvoista ja kohtelu yhdenvertaista<\/li>\n<li>huolehtia siit\u00e4, ett\u00e4 hoitohenkil\u00f6st\u00f6ll\u00e4 on p\u00e4tevyys hoitaa sukupuolen ja seksuaalisen suuntautumisen moninaisuutta koskevia asioita<\/li>\n<li>lis\u00e4t\u00e4 panostuksia ty\u00f6terveyteen, ty\u00f6hyvinvointiin ja ty\u00f6ss\u00e4 viihtymiseen, hyv\u00e4\u00e4n johtajuuteen, tasa-arvoon ja hyvinvointialueiden kilpailukykyiseen palkkaukseen<\/li>\n<li>ett\u00e4 hoito- ja hoivahenkil\u00f6st\u00f6 voi rakentaa itselleen erikoistumisen ja jatkokoulutuksen mahdollistavan selke\u00e4n urapolun<\/li>\n<li>v\u00e4hent\u00e4\u00e4 riippuvuutta vuokral\u00e4\u00e4k\u00e4reist\u00e4 ja muusta vuokraty\u00f6voimasta hyvinvointialueilla<\/li>\n<li>ennaltaehk\u00e4ist\u00e4 hoitohenkil\u00f6st\u00f6\u00f6n kohdistuvaa v\u00e4kivaltaa, jotta henkil\u00f6kunta saa hoitaa ty\u00f6ns\u00e4 turvallisesti<\/li>\n<li>mahdollistaa toimivan rekrytoinnin ja ulkomaisen hoitohenkil\u00f6kunnan kotouttamisen sek\u00e4 huolehtia siit\u00e4, ett\u00e4 kotouttaminen ruotsiksi on todellinen vaihtoehto<\/li>\n<li>ett\u00e4 hyvinvointialueilla k\u00e4ytet\u00e4\u00e4n riitt\u00e4vi\u00e4 kieli- ja kielenk\u00e4ytt\u00f6lisi\u00e4, ja ett\u00e4 my\u00f6s muiden kuin suomen ja ruotsin kielen k\u00e4yt\u00f6st\u00e4 palkitaan<\/li>\n<li>ett\u00e4 saamelaisten oikeus hoitoon ja hoivaan omalla kielell\u00e4\u00e4n turvataan<\/li>\n<li>ett\u00e4 vaikuttamistoimielimill\u00e4 ja v\u00e4hemmist\u00f6kielilautakunnalla on todelliset mahdollisuudet vaikuttaa<\/li>\n<li>ett\u00e4 potilastiedot ja hoito-ohjeet ovat saatavissa ja v\u00e4litet\u00e4\u00e4n potilaalle kummallakin kansalliskielell\u00e4<\/li>\n<li>lis\u00e4t\u00e4 palvelusetelien k\u00e4ytt\u00f6\u00e4, kun se on tarkoituksenmukaista<\/li>\n<li>turvata kolmannen sektorin toimintaedellytykset<\/li>\n<li>ett\u00e4 pienill\u00e4 yrityksill\u00e4 ja kolmannella sektorilla on realistiset mahdollisuudet osallistua hankintoihin esimerkiksi edist\u00e4m\u00e4ll\u00e4 osahankintoja<\/li>\n<li>ett\u00e4 IT-palvelujen kilpailutukset uusitaan siten, etteiv\u00e4t hyvinvointialueet en\u00e4\u00e4 ole sidottuja kalliisiin lisenssisopimuksiin, jotka nielev\u00e4t resursseja hoitopalveluilta<\/li>\n<li>ett\u00e4 KELA-taksipalvelut toimivat ja suunnitellaan yksil\u00f6lliset tarpeet huomioiden<\/li>\n<li>ett\u00e4 hyvinvointialueet p\u00e4\u00e4tt\u00e4v\u00e4t olla imetysyst\u00e4v\u00e4llisi\u00e4 ty\u00f6paikkoja<\/li>\n<li>vahvistaa perusterveydenhuollon l\u00e4\u00e4k\u00e4reiden saatavuutta joustavilla ty\u00f6suhteilla ja urapoluilla<\/li>\n<li>ett\u00e4 nuorisovaltuustoilla sek\u00e4 vanhus- ja vammaisneuvostoilla on selke\u00e4 asema p\u00e4\u00e4t\u00f6ksenteossa ja todellisia vaikuttamismahdollisuuksia.<\/li>\n<\/ul>\n","protected":false},"excerpt":{"rendered":"<p>Turvallisuus on onnellisen el\u00e4m\u00e4n perusta. Kun tied\u00e4t saavasi apua sit\u00e4 tarvitessasi, ja sinua tuetaan erilaisissa el\u00e4m\u00e4ntilanteissa, on helpompi keskitty\u00e4 opintoihin, t\u00f6ihin ja yhteiseloon sinulle t\u00e4rkeiden ihmisten kanssa. RKP haluaa tehd\u00e4<a class=\"excerpt-read-more\" href=\"https:\/\/val.sfp.fi\/valfardsomradesval\/fi\/turvallinen-elama\/\" title=\"L\u00e4sTurvallinen el\u00e4m\u00e4\">&#8230;<\/a><\/p>\n","protected":false},"author":228,"featured_media":42167,"comment_status":"closed","ping_status":"closed","sticky":false,"template":"","format":"standard","meta":{"_acf_changed":false,"footnotes":""},"categories":[267],"tags":[],"class_list":["post-40525","post","type-post","status-publish","format-standard","has-post-thumbnail","hentry","category-vaaliohjelma","theme-turvallinen-elama"],"acf":[],"yoast_head":"<!-- This site is optimized with the Yoast SEO plugin v27.2 - https:\/\/yoast.com\/product\/yoast-seo-wordpress\/ -->\n<title>Turvallinen el\u00e4m\u00e4 &#8212; V\u00e4lf\u00e4rdsomr\u00e5desval 2025<\/title>\n<meta name=\"description\" content=\"V\u00e4lf\u00e4rdsomr\u00e5desval 2025 val sfp rkp kandidater kandidat\" \/>\n<meta name=\"robots\" content=\"index, follow, max-snippet:-1, max-image-preview:large, max-video-preview:-1\" \/>\n<link rel=\"canonical\" href=\"https:\/\/val.sfp.fi\/valfardsomradesval\/fi\/turvallinen-elama\/\" \/>\n<meta property=\"og:locale\" content=\"sv_SE\" \/>\n<meta property=\"og:type\" content=\"article\" \/>\n<meta property=\"og:title\" content=\"Turvallinen el\u00e4m\u00e4 &#8212; V\u00e4lf\u00e4rdsomr\u00e5desval 2025\" \/>\n<meta property=\"og:description\" content=\"V\u00e4lf\u00e4rdsomr\u00e5desval 2025 val sfp rkp kandidater kandidat\" \/>\n<meta property=\"og:url\" content=\"https:\/\/val.sfp.fi\/valfardsomradesval\/fi\/turvallinen-elama\/\" \/>\n<meta property=\"og:site_name\" content=\"V\u00e4lf\u00e4rdsomr\u00e5desval 2025\" \/>\n<meta property=\"article:publisher\" content=\"https:\/\/www.facebook.com\/sfprkp\/\" \/>\n<meta property=\"article:published_time\" content=\"2025-01-17T14:28:00+00:00\" \/>\n<meta property=\"article:modified_time\" content=\"2025-01-27T07:46:19+00:00\" \/>\n<meta property=\"og:image\" content=\"https:\/\/val.sfp.fi\/valfardsomradesval\/wp-content\/uploads\/Ett-tryggt-liv-scaled.jpg\" \/>\n\t<meta property=\"og:image:width\" content=\"2560\" \/>\n\t<meta property=\"og:image:height\" content=\"1706\" \/>\n\t<meta property=\"og:image:type\" content=\"image\/jpeg\" \/>\n<meta name=\"author\" content=\"Little Developer\" \/>\n<meta name=\"twitter:label1\" content=\"Skriven av\" \/>\n\t<meta name=\"twitter:data1\" content=\"Little Developer\" \/>\n\t<meta name=\"twitter:label2\" content=\"Ber\u00e4knad l\u00e4stid\" \/>\n\t<meta name=\"twitter:data2\" content=\"2 minuter\" \/>\n<script type=\"application\/ld+json\" class=\"yoast-schema-graph\">{\"@context\":\"https:\/\/schema.org\",\"@graph\":[{\"@type\":\"Article\",\"@id\":\"https:\/\/val.sfp.fi\/valfardsomradesval\/fi\/turvallinen-elama\/#article\",\"isPartOf\":{\"@id\":\"https:\/\/val.sfp.fi\/valfardsomradesval\/fi\/turvallinen-elama\/\"},\"author\":{\"name\":\"Little Developer\",\"@id\":\"https:\/\/val.sfp.fi\/valfardsomradesval\/#\/schema\/person\/56bf5f445f3dfdd90071144f6db7fb07\"},\"headline\":\"Turvallinen el\u00e4m\u00e4\",\"datePublished\":\"2025-01-17T14:28:00+00:00\",\"dateModified\":\"2025-01-27T07:46:19+00:00\",\"mainEntityOfPage\":{\"@id\":\"https:\/\/val.sfp.fi\/valfardsomradesval\/fi\/turvallinen-elama\/\"},\"wordCount\":458,\"publisher\":{\"@id\":\"https:\/\/val.sfp.fi\/valfardsomradesval\/#organization\"},\"image\":{\"@id\":\"https:\/\/val.sfp.fi\/valfardsomradesval\/fi\/turvallinen-elama\/#primaryimage\"},\"thumbnailUrl\":\"https:\/\/val.sfp.fi\/valfardsomradesval\/wp-content\/uploads\/Ett-tryggt-liv-scaled.jpg\",\"articleSection\":[\"Vaaliohjelma\"],\"inLanguage\":\"sv-SE\"},{\"@type\":\"WebPage\",\"@id\":\"https:\/\/val.sfp.fi\/valfardsomradesval\/fi\/turvallinen-elama\/\",\"url\":\"https:\/\/val.sfp.fi\/valfardsomradesval\/fi\/turvallinen-elama\/\",\"name\":\"Turvallinen el\u00e4m\u00e4 &#8212; V\u00e4lf\u00e4rdsomr\u00e5desval 2025\",\"isPartOf\":{\"@id\":\"https:\/\/val.sfp.fi\/valfardsomradesval\/#website\"},\"primaryImageOfPage\":{\"@id\":\"https:\/\/val.sfp.fi\/valfardsomradesval\/fi\/turvallinen-elama\/#primaryimage\"},\"image\":{\"@id\":\"https:\/\/val.sfp.fi\/valfardsomradesval\/fi\/turvallinen-elama\/#primaryimage\"},\"thumbnailUrl\":\"https:\/\/val.sfp.fi\/valfardsomradesval\/wp-content\/uploads\/Ett-tryggt-liv-scaled.jpg\",\"datePublished\":\"2025-01-17T14:28:00+00:00\",\"dateModified\":\"2025-01-27T07:46:19+00:00\",\"description\":\"V\u00e4lf\u00e4rdsomr\u00e5desval 2025 val sfp rkp kandidater kandidat\",\"breadcrumb\":{\"@id\":\"https:\/\/val.sfp.fi\/valfardsomradesval\/fi\/turvallinen-elama\/#breadcrumb\"},\"inLanguage\":\"sv-SE\",\"potentialAction\":[{\"@type\":\"ReadAction\",\"target\":[\"https:\/\/val.sfp.fi\/valfardsomradesval\/fi\/turvallinen-elama\/\"]}]},{\"@type\":\"ImageObject\",\"inLanguage\":\"sv-SE\",\"@id\":\"https:\/\/val.sfp.fi\/valfardsomradesval\/fi\/turvallinen-elama\/#primaryimage\",\"url\":\"https:\/\/val.sfp.fi\/valfardsomradesval\/wp-content\/uploads\/Ett-tryggt-liv-scaled.jpg\",\"contentUrl\":\"https:\/\/val.sfp.fi\/valfardsomradesval\/wp-content\/uploads\/Ett-tryggt-liv-scaled.jpg\",\"width\":2560,\"height\":1706},{\"@type\":\"BreadcrumbList\",\"@id\":\"https:\/\/val.sfp.fi\/valfardsomradesval\/fi\/turvallinen-elama\/#breadcrumb\",\"itemListElement\":[{\"@type\":\"ListItem\",\"position\":1,\"name\":\"Home\",\"item\":\"https:\/\/val.sfp.fi\/valfardsomradesval\/\"},{\"@type\":\"ListItem\",\"position\":2,\"name\":\"Turvallinen el\u00e4m\u00e4\"}]},{\"@type\":\"WebSite\",\"@id\":\"https:\/\/val.sfp.fi\/valfardsomradesval\/#website\",\"url\":\"https:\/\/val.sfp.fi\/valfardsomradesval\/\",\"name\":\"SFP - V\u00e4lf\u00e4rdsomr\u00e5desval 2025\",\"description\":\"\",\"publisher\":{\"@id\":\"https:\/\/val.sfp.fi\/valfardsomradesval\/#organization\"},\"potentialAction\":[{\"@type\":\"SearchAction\",\"target\":{\"@type\":\"EntryPoint\",\"urlTemplate\":\"https:\/\/val.sfp.fi\/valfardsomradesval\/?s={search_term_string}\"},\"query-input\":{\"@type\":\"PropertyValueSpecification\",\"valueRequired\":true,\"valueName\":\"search_term_string\"}}],\"inLanguage\":\"sv-SE\"},{\"@type\":\"Organization\",\"@id\":\"https:\/\/val.sfp.fi\/valfardsomradesval\/#organization\",\"name\":\"SFP RKP\",\"url\":\"https:\/\/val.sfp.fi\/valfardsomradesval\/\",\"logo\":{\"@type\":\"ImageObject\",\"inLanguage\":\"sv-SE\",\"@id\":\"https:\/\/val.sfp.fi\/valfardsomradesval\/#\/schema\/logo\/image\/\",\"url\":\"https:\/\/val.sfp.fi\/valfardsomradesval\/wp-content\/uploads\/SFP-RKP-logo.jpg\",\"contentUrl\":\"https:\/\/val.sfp.fi\/valfardsomradesval\/wp-content\/uploads\/SFP-RKP-logo.jpg\",\"width\":1483,\"height\":1483,\"caption\":\"SFP RKP\"},\"image\":{\"@id\":\"https:\/\/val.sfp.fi\/valfardsomradesval\/#\/schema\/logo\/image\/\"},\"sameAs\":[\"https:\/\/www.facebook.com\/sfprkp\/\",\"https:\/\/x.com\/sfprkp\",\"https:\/\/www.instagram.com\/sfprkp\/\",\"https:\/\/www.youtube.com\/sfprkp\",\"https:\/\/sv.wikipedia.org\/wiki\/Svenska_folkpartiet\"]},{\"@type\":\"Person\",\"@id\":\"https:\/\/val.sfp.fi\/valfardsomradesval\/#\/schema\/person\/56bf5f445f3dfdd90071144f6db7fb07\",\"name\":\"Little Developer\",\"image\":{\"@type\":\"ImageObject\",\"inLanguage\":\"sv-SE\",\"@id\":\"https:\/\/secure.gravatar.com\/avatar\/c0bbf076f183cc897650a42f79db0161a011c13b07a4d2246d5d561ba5db53d1?s=96&d=mm&r=g\",\"url\":\"https:\/\/secure.gravatar.com\/avatar\/c0bbf076f183cc897650a42f79db0161a011c13b07a4d2246d5d561ba5db53d1?s=96&d=mm&r=g\",\"contentUrl\":\"https:\/\/secure.gravatar.com\/avatar\/c0bbf076f183cc897650a42f79db0161a011c13b07a4d2246d5d561ba5db53d1?s=96&d=mm&r=g\",\"caption\":\"Little Developer\"}}]}<\/script>\n<!-- \/ Yoast SEO plugin. -->","yoast_head_json":{"title":"Turvallinen el\u00e4m\u00e4 &#8212; V\u00e4lf\u00e4rdsomr\u00e5desval 2025","description":"V\u00e4lf\u00e4rdsomr\u00e5desval 2025 val sfp rkp kandidater kandidat","robots":{"index":"index","follow":"follow","max-snippet":"max-snippet:-1","max-image-preview":"max-image-preview:large","max-video-preview":"max-video-preview:-1"},"canonical":"https:\/\/val.sfp.fi\/valfardsomradesval\/fi\/turvallinen-elama\/","og_locale":"sv_SE","og_type":"article","og_title":"Turvallinen el\u00e4m\u00e4 &#8212; V\u00e4lf\u00e4rdsomr\u00e5desval 2025","og_description":"V\u00e4lf\u00e4rdsomr\u00e5desval 2025 val sfp rkp kandidater kandidat","og_url":"https:\/\/val.sfp.fi\/valfardsomradesval\/fi\/turvallinen-elama\/","og_site_name":"V\u00e4lf\u00e4rdsomr\u00e5desval 2025","article_publisher":"https:\/\/www.facebook.com\/sfprkp\/","article_published_time":"2025-01-17T14:28:00+00:00","article_modified_time":"2025-01-27T07:46:19+00:00","og_image":[{"width":2560,"height":1706,"url":"https:\/\/val.sfp.fi\/valfardsomradesval\/wp-content\/uploads\/Ett-tryggt-liv-scaled.jpg","type":"image\/jpeg"}],"author":"Little Developer","twitter_misc":{"Skriven av":"Little Developer","Ber\u00e4knad l\u00e4stid":"2 minuter"},"schema":{"@context":"https:\/\/schema.org","@graph":[{"@type":"Article","@id":"https:\/\/val.sfp.fi\/valfardsomradesval\/fi\/turvallinen-elama\/#article","isPartOf":{"@id":"https:\/\/val.sfp.fi\/valfardsomradesval\/fi\/turvallinen-elama\/"},"author":{"name":"Little Developer","@id":"https:\/\/val.sfp.fi\/valfardsomradesval\/#\/schema\/person\/56bf5f445f3dfdd90071144f6db7fb07"},"headline":"Turvallinen el\u00e4m\u00e4","datePublished":"2025-01-17T14:28:00+00:00","dateModified":"2025-01-27T07:46:19+00:00","mainEntityOfPage":{"@id":"https:\/\/val.sfp.fi\/valfardsomradesval\/fi\/turvallinen-elama\/"},"wordCount":458,"publisher":{"@id":"https:\/\/val.sfp.fi\/valfardsomradesval\/#organization"},"image":{"@id":"https:\/\/val.sfp.fi\/valfardsomradesval\/fi\/turvallinen-elama\/#primaryimage"},"thumbnailUrl":"https:\/\/val.sfp.fi\/valfardsomradesval\/wp-content\/uploads\/Ett-tryggt-liv-scaled.jpg","articleSection":["Vaaliohjelma"],"inLanguage":"sv-SE"},{"@type":"WebPage","@id":"https:\/\/val.sfp.fi\/valfardsomradesval\/fi\/turvallinen-elama\/","url":"https:\/\/val.sfp.fi\/valfardsomradesval\/fi\/turvallinen-elama\/","name":"Turvallinen el\u00e4m\u00e4 &#8212; V\u00e4lf\u00e4rdsomr\u00e5desval 2025","isPartOf":{"@id":"https:\/\/val.sfp.fi\/valfardsomradesval\/#website"},"primaryImageOfPage":{"@id":"https:\/\/val.sfp.fi\/valfardsomradesval\/fi\/turvallinen-elama\/#primaryimage"},"image":{"@id":"https:\/\/val.sfp.fi\/valfardsomradesval\/fi\/turvallinen-elama\/#primaryimage"},"thumbnailUrl":"https:\/\/val.sfp.fi\/valfardsomradesval\/wp-content\/uploads\/Ett-tryggt-liv-scaled.jpg","datePublished":"2025-01-17T14:28:00+00:00","dateModified":"2025-01-27T07:46:19+00:00","description":"V\u00e4lf\u00e4rdsomr\u00e5desval 2025 val sfp rkp kandidater kandidat","breadcrumb":{"@id":"https:\/\/val.sfp.fi\/valfardsomradesval\/fi\/turvallinen-elama\/#breadcrumb"},"inLanguage":"sv-SE","potentialAction":[{"@type":"ReadAction","target":["https:\/\/val.sfp.fi\/valfardsomradesval\/fi\/turvallinen-elama\/"]}]},{"@type":"ImageObject","inLanguage":"sv-SE","@id":"https:\/\/val.sfp.fi\/valfardsomradesval\/fi\/turvallinen-elama\/#primaryimage","url":"https:\/\/val.sfp.fi\/valfardsomradesval\/wp-content\/uploads\/Ett-tryggt-liv-scaled.jpg","contentUrl":"https:\/\/val.sfp.fi\/valfardsomradesval\/wp-content\/uploads\/Ett-tryggt-liv-scaled.jpg","width":2560,"height":1706},{"@type":"BreadcrumbList","@id":"https:\/\/val.sfp.fi\/valfardsomradesval\/fi\/turvallinen-elama\/#breadcrumb","itemListElement":[{"@type":"ListItem","position":1,"name":"Home","item":"https:\/\/val.sfp.fi\/valfardsomradesval\/"},{"@type":"ListItem","position":2,"name":"Turvallinen el\u00e4m\u00e4"}]},{"@type":"WebSite","@id":"https:\/\/val.sfp.fi\/valfardsomradesval\/#website","url":"https:\/\/val.sfp.fi\/valfardsomradesval\/","name":"SFP - V\u00e4lf\u00e4rdsomr\u00e5desval 2025","description":"","publisher":{"@id":"https:\/\/val.sfp.fi\/valfardsomradesval\/#organization"},"potentialAction":[{"@type":"SearchAction","target":{"@type":"EntryPoint","urlTemplate":"https:\/\/val.sfp.fi\/valfardsomradesval\/?s={search_term_string}"},"query-input":{"@type":"PropertyValueSpecification","valueRequired":true,"valueName":"search_term_string"}}],"inLanguage":"sv-SE"},{"@type":"Organization","@id":"https:\/\/val.sfp.fi\/valfardsomradesval\/#organization","name":"SFP RKP","url":"https:\/\/val.sfp.fi\/valfardsomradesval\/","logo":{"@type":"ImageObject","inLanguage":"sv-SE","@id":"https:\/\/val.sfp.fi\/valfardsomradesval\/#\/schema\/logo\/image\/","url":"https:\/\/val.sfp.fi\/valfardsomradesval\/wp-content\/uploads\/SFP-RKP-logo.jpg","contentUrl":"https:\/\/val.sfp.fi\/valfardsomradesval\/wp-content\/uploads\/SFP-RKP-logo.jpg","width":1483,"height":1483,"caption":"SFP RKP"},"image":{"@id":"https:\/\/val.sfp.fi\/valfardsomradesval\/#\/schema\/logo\/image\/"},"sameAs":["https:\/\/www.facebook.com\/sfprkp\/","https:\/\/x.com\/sfprkp","https:\/\/www.instagram.com\/sfprkp\/","https:\/\/www.youtube.com\/sfprkp","https:\/\/sv.wikipedia.org\/wiki\/Svenska_folkpartiet"]},{"@type":"Person","@id":"https:\/\/val.sfp.fi\/valfardsomradesval\/#\/schema\/person\/56bf5f445f3dfdd90071144f6db7fb07","name":"Little Developer","image":{"@type":"ImageObject","inLanguage":"sv-SE","@id":"https:\/\/secure.gravatar.com\/avatar\/c0bbf076f183cc897650a42f79db0161a011c13b07a4d2246d5d561ba5db53d1?s=96&d=mm&r=g","url":"https:\/\/secure.gravatar.com\/avatar\/c0bbf076f183cc897650a42f79db0161a011c13b07a4d2246d5d561ba5db53d1?s=96&d=mm&r=g","contentUrl":"https:\/\/secure.gravatar.com\/avatar\/c0bbf076f183cc897650a42f79db0161a011c13b07a4d2246d5d561ba5db53d1?s=96&d=mm&r=g","caption":"Little Developer"}}]}},"lang":"fi","translations":{"fi":40525,"sv":40482,"en":42151},"pll_sync_post":[],"_links":{"self":[{"href":"https:\/\/val.sfp.fi\/valfardsomradesval\/wp-json\/wp\/v2\/posts\/40525","targetHints":{"allow":["GET"]}}],"collection":[{"href":"https:\/\/val.sfp.fi\/valfardsomradesval\/wp-json\/wp\/v2\/posts"}],"about":[{"href":"https:\/\/val.sfp.fi\/valfardsomradesval\/wp-json\/wp\/v2\/types\/post"}],"author":[{"embeddable":true,"href":"https:\/\/val.sfp.fi\/valfardsomradesval\/wp-json\/wp\/v2\/users\/228"}],"replies":[{"embeddable":true,"href":"https:\/\/val.sfp.fi\/valfardsomradesval\/wp-json\/wp\/v2\/comments?post=40525"}],"version-history":[{"count":3,"href":"https:\/\/val.sfp.fi\/valfardsomradesval\/wp-json\/wp\/v2\/posts\/40525\/revisions"}],"predecessor-version":[{"id":42354,"href":"https:\/\/val.sfp.fi\/valfardsomradesval\/wp-json\/wp\/v2\/posts\/40525\/revisions\/42354"}],"wp:featuredmedia":[{"embeddable":true,"href":"https:\/\/val.sfp.fi\/valfardsomradesval\/wp-json\/wp\/v2\/media\/42167"}],"wp:attachment":[{"href":"https:\/\/val.sfp.fi\/valfardsomradesval\/wp-json\/wp\/v2\/media?parent=40525"}],"wp:term":[{"taxonomy":"category","embeddable":true,"href":"https:\/\/val.sfp.fi\/valfardsomradesval\/wp-json\/wp\/v2\/categories?post=40525"},{"taxonomy":"post_tag","embeddable":true,"href":"https:\/\/val.sfp.fi\/valfardsomradesval\/wp-json\/wp\/v2\/tags?post=40525"}],"curies":[{"name":"wp","href":"https:\/\/api.w.org\/{rel}","templated":true}]}}