{"id":34917,"date":"2025-01-09T13:38:16","date_gmt":"2025-01-09T11:38:16","guid":{"rendered":"https:\/\/stageval.sfp.fi\/kommunalval\/?p=34917"},"modified":"2025-01-22T15:56:56","modified_gmt":"2025-01-22T13:56:56","slug":"den-basta-skolan","status":"publish","type":"post","link":"https:\/\/val.sfp.fi\/kommunalval\/den-basta-skolan\/","title":{"rendered":"Den b\u00e4sta skolan"},"content":{"rendered":"<p>Grunden f\u00f6r v\u00e5rt samh\u00e4lles v\u00e4lst\u00e5nd och framg\u00e5ng byggs i skolan. Skolan ska erbjuda j\u00e4mlika f\u00f6ruts\u00e4ttningar f\u00f6r alla barn och unga under hela l\u00e4rstigen, fr\u00e5n sm\u00e5barnspedagogiken till andra stadiet och vidare till fortsatta studier. Vi m\u00e5ste s\u00e4kerst\u00e4lla en trygg inl\u00e4rningsmilj\u00f6 d\u00e4r barn och unga f\u00f6rbereds f\u00f6r de utmaningar som ligger framf\u00f6r dem. Det h\u00e4r kr\u00e4ver att det finns tillr\u00e4ckligt med beh\u00f6rig personal och andra vuxna i skolan.<\/p>\n<p>Den finl\u00e4ndska skolan bygger p\u00e5 j\u00e4mlikhet och p\u00e5 utbildade och v\u00e4lmotiverade l\u00e4rare och personal. V\u00e5r grundskola \u00e4r en framg\u00e5ngssaga, men arbetet \u00e4r inte f\u00e4rdigt utan utvecklingen m\u00e5ste forts\u00e4tta. Det h\u00e4r kr\u00e4ver arbete nationellt, men det stora jobbet g\u00f6rs i v\u00e5ra kommuner. Det m\u00e5ste finnas tillr\u00e4ckliga resurser f\u00f6r det dagliga arbetet i skolan. Den som beh\u00f6ver st\u00f6d ska f\u00e5 det. S\u00e4rskild uppm\u00e4rksamhet beh\u00f6ver s\u00e4ttas p\u00e5 inklusion och likabehandling. V\u00e5rt m\u00e5l \u00e4r att ingen ska l\u00e4mnas utanf\u00f6r.<\/p>\n<p>Vi vill att Finland ska vara v\u00e4rldens barnv\u00e4nligaste land och d\u00e4rf\u00f6r vill vi ocks\u00e5 satsa p\u00e5 att g\u00f6ra vardagen smidig f\u00f6r barnfamiljerna. Det h\u00e4r kr\u00e4ver att skolan fungerar, v\u00e5ra l\u00e4rare m\u00e5r bra, och alla barn har m\u00f6jligheter att lyckas.<\/p>\n<p>&nbsp;<\/p>\n<p><strong>SFP vill<\/strong><\/p>\n<ul>\n<li>att fler barn deltar i sm\u00e5barnspedagogiken och att den p\u00e5 sikt blir avgiftsfri<\/li>\n<li>att spr\u00e5kinl\u00e4rningen i det andra nationalspr\u00e5ket inleds redan inom sm\u00e5barnspedagogiken<\/li>\n<li>att utbildningen och undervisningen ska vara j\u00e4mlik och fri fr\u00e5n k\u00f6nsnormer<\/li>\n<li>\u00f6ka riktade resurser f\u00f6r att motverka all form av mobbning<\/li>\n<li>motverka segregation inom den grundl\u00e4ggande utbildningen<\/li>\n<li>att skolmilj\u00f6n och skolv\u00e4gen ska vara trygg f\u00f6r alla<\/li>\n<li>att v\u00e5ra skolbyggnader \u00e4r sunda och friska men ocks\u00e5 inspirerande l\u00e4rmilj\u00f6er som ger arbetsro<\/li>\n<li>ge l\u00e4rarna goda redskap f\u00f6r att utveckla undervisningen och undervisningsmetoderna samt distanssamarbete mellan skolorna<\/li>\n<li>ha en fungerande morgon- och eftermiddagsverksamhet som ger m\u00f6jlighet till m\u00e5ngsidiga aktiviteter b\u00e5de ute och inne<\/li>\n<li>att barnen ska ha m\u00f6jlighet till hobbyverksamhet, som de trivs med, i anslutning till skoldagen<\/li>\n<li>att skolan ger tillr\u00e4ckligt utmanande uppgifter till elever som beh\u00f6ver det<\/li>\n<li>att det erbjuds l\u00e4xhj\u00e4lp efter skoldagens slut genom till exempel frivilliga medfostrare i skolan<\/li>\n<li>att varje elev och studerande ska ha tillg\u00e5ng till goda l\u00e4romedel \u2013 s\u00e5v\u00e4l traditionella som digitala<\/li>\n<li>garantera st\u00f6d p\u00e5 plats i skolan i form av skolpsykologer, kuratorer och tillr\u00e4ckliga resurser till elev- och studiehandledning<\/li>\n<li>se mer samarbete mellan yrkesutbildningen och n\u00e4ringslivet samt betona f\u00f6retagsamhet i yrkesutbildningen<\/li>\n<li>h\u00f6ja yrkesutbildningens attraktionskraft och garantera en h\u00f6g kvalitet<\/li>\n<li>fr\u00e4mja anv\u00e4ndningen av l\u00e4roavtal inom yrkesutbildningen<\/li>\n<li>garantera tillg\u00e5ngen till en allm\u00e4nbildande gymnasieutbildning av h\u00f6g kvalitet<\/li>\n<li>betona att den grundl\u00e4ggande konstundervisningen har ett v\u00e4rde i sig och d\u00e4rtill fr\u00e4mjar v\u00e4lm\u00e5ende och st\u00f6der \u00f6vrig inl\u00e4rning<\/li>\n<li>att st\u00f6det f\u00f6r elever med specialbehov ska fungera<\/li>\n<li>bevara samernas r\u00e4tt till undervisning i de tre samiska spr\u00e5ken samt utveckla undervisningen<\/li>\n<li>att elever och studerande ska ha tillg\u00e5ng till tj\u00e4nster p\u00e5 teckenspr\u00e5k i skolan<\/li>\n<li>att elev- och studerandek\u00e5rer ges m\u00f6jlighet att p\u00e5verka verksamheten i skolan<\/li>\n<li>garantera att invandrarbarn f\u00e5r tillr\u00e4ckligt med st\u00f6d och en god integration<\/li>\n<li>s\u00e4kerst\u00e4lla en god dialog med familjerna n\u00e4r man definierar niv\u00e5n p\u00e5 undervisningen i de inhemska spr\u00e5ken f\u00f6r barn med invandrarbakgrund<\/li>\n<li>att fler kommuner erbjuder en skolstig ocks\u00e5 p\u00e5 engelska<\/li>\n<li>forts\u00e4tta utveckla ungdomsarbete i skolor s\u00e5 att det finns trygga vuxna i barns och ungas vardag<\/li>\n<li>att allt fler ska ha m\u00f6jlighet till spr\u00e5kbadsundervisning och spr\u00e5kduschar<\/li>\n<li>jobba f\u00f6r att gruppstorleken p\u00e5 alla utbildningsstadier \u00e4r rimlig<\/li>\n<li>satsa p\u00e5 medvetandeg\u00f6rande insatser, f\u00f6r att motverka destruktiva normer och f\u00f6rebygga v\u00e5ld genom att l\u00e4ra sig k\u00e4nneteckna och hantera sina k\u00e4nslor<\/li>\n<li>att kommunerna tryggar tillr\u00e4ckliga timresurser f\u00f6r skolorna<\/li>\n<li>ha ett fungerande samarbete mellan hemmet och skolan.<\/li>\n<\/ul>\n","protected":false},"excerpt":{"rendered":"<p>Grunden f\u00f6r v\u00e5rt samh\u00e4lles v\u00e4lst\u00e5nd och framg\u00e5ng byggs i skolan. Skolan ska erbjuda j\u00e4mlika f\u00f6ruts\u00e4ttningar f\u00f6r alla barn och unga under hela l\u00e4rstigen, fr\u00e5n sm\u00e5barnspedagogiken till andra stadiet och vidare<a class=\"excerpt-read-more\" href=\"https:\/\/val.sfp.fi\/kommunalval\/den-basta-skolan\/\" title=\"L\u00e4sDen b\u00e4sta skolan\">&#8230;<\/a><\/p>\n","protected":false},"author":228,"featured_media":35094,"comment_status":"closed","ping_status":"closed","sticky":false,"template":"","format":"standard","meta":{"_acf_changed":false,"footnotes":""},"categories":[141],"tags":[],"class_list":["post-34917","post","type-post","status-publish","format-standard","has-post-thumbnail","hentry","category-valprogram","theme-den-basta-skolan"],"acf":[],"yoast_head":"<!-- This site is optimized with the Yoast SEO plugin v27.2 - https:\/\/yoast.com\/product\/yoast-seo-wordpress\/ -->\n<title>Den b\u00e4sta skolan - Kommunalvalet 2025<\/title>\n<meta name=\"robots\" content=\"index, follow, max-snippet:-1, max-image-preview:large, max-video-preview:-1\" \/>\n<link rel=\"canonical\" href=\"https:\/\/val.sfp.fi\/kommunalval\/den-basta-skolan\/\" \/>\n<meta property=\"og:locale\" content=\"sv_SE\" \/>\n<meta property=\"og:type\" content=\"article\" \/>\n<meta property=\"og:title\" content=\"Den b\u00e4sta skolan - Kommunalvalet 2025\" \/>\n<meta property=\"og:description\" content=\"Grunden f\u00f6r v\u00e5rt samh\u00e4lles v\u00e4lst\u00e5nd och framg\u00e5ng byggs i skolan. Skolan ska erbjuda j\u00e4mlika f\u00f6ruts\u00e4ttningar f\u00f6r alla barn och unga under hela l\u00e4rstigen, fr\u00e5n sm\u00e5barnspedagogiken till andra stadiet och vidare...\" \/>\n<meta property=\"og:url\" content=\"https:\/\/val.sfp.fi\/kommunalval\/den-basta-skolan\/\" \/>\n<meta property=\"og:site_name\" content=\"Kommunalvalet 2025\" \/>\n<meta property=\"article:publisher\" content=\"https:\/\/www.facebook.com\/sfprkp\/\" \/>\n<meta property=\"article:published_time\" content=\"2025-01-09T11:38:16+00:00\" \/>\n<meta property=\"article:modified_time\" content=\"2025-01-22T13:56:56+00:00\" \/>\n<meta property=\"og:image\" content=\"https:\/\/val.sfp.fi\/kommunalval\/wp-content\/uploads\/Den-basta-skolan-scaled.jpg\" \/>\n\t<meta property=\"og:image:width\" content=\"2560\" \/>\n\t<meta property=\"og:image:height\" content=\"1706\" \/>\n\t<meta property=\"og:image:type\" content=\"image\/jpeg\" \/>\n<meta name=\"author\" content=\"Little Developer\" \/>\n<meta name=\"twitter:label1\" content=\"Skriven av\" \/>\n\t<meta name=\"twitter:data1\" content=\"Little Developer\" \/>\n\t<meta name=\"twitter:label2\" content=\"Ber\u00e4knad l\u00e4stid\" \/>\n\t<meta name=\"twitter:data2\" content=\"4 minuter\" \/>\n<script type=\"application\/ld+json\" class=\"yoast-schema-graph\">{\"@context\":\"https:\/\/schema.org\",\"@graph\":[{\"@type\":\"Article\",\"@id\":\"https:\/\/val.sfp.fi\/kommunalval\/den-basta-skolan\/#article\",\"isPartOf\":{\"@id\":\"https:\/\/val.sfp.fi\/kommunalval\/den-basta-skolan\/\"},\"author\":{\"name\":\"Little Developer\",\"@id\":\"https:\/\/val.sfp.fi\/kommunalval\/#\/schema\/person\/677a73ac600f4c66e69415062e8f509e\"},\"headline\":\"Den b\u00e4sta skolan\",\"datePublished\":\"2025-01-09T11:38:16+00:00\",\"dateModified\":\"2025-01-22T13:56:56+00:00\",\"mainEntityOfPage\":{\"@id\":\"https:\/\/val.sfp.fi\/kommunalval\/den-basta-skolan\/\"},\"wordCount\":718,\"publisher\":{\"@id\":\"https:\/\/val.sfp.fi\/kommunalval\/#organization\"},\"image\":{\"@id\":\"https:\/\/val.sfp.fi\/kommunalval\/den-basta-skolan\/#primaryimage\"},\"thumbnailUrl\":\"https:\/\/val.sfp.fi\/kommunalval\/wp-content\/uploads\/Den-basta-skolan-scaled.jpg\",\"articleSection\":[\"Valprogram\"],\"inLanguage\":\"sv-SE\"},{\"@type\":\"WebPage\",\"@id\":\"https:\/\/val.sfp.fi\/kommunalval\/den-basta-skolan\/\",\"url\":\"https:\/\/val.sfp.fi\/kommunalval\/den-basta-skolan\/\",\"name\":\"Den b\u00e4sta skolan - Kommunalvalet 2025\",\"isPartOf\":{\"@id\":\"https:\/\/val.sfp.fi\/kommunalval\/#website\"},\"primaryImageOfPage\":{\"@id\":\"https:\/\/val.sfp.fi\/kommunalval\/den-basta-skolan\/#primaryimage\"},\"image\":{\"@id\":\"https:\/\/val.sfp.fi\/kommunalval\/den-basta-skolan\/#primaryimage\"},\"thumbnailUrl\":\"https:\/\/val.sfp.fi\/kommunalval\/wp-content\/uploads\/Den-basta-skolan-scaled.jpg\",\"datePublished\":\"2025-01-09T11:38:16+00:00\",\"dateModified\":\"2025-01-22T13:56:56+00:00\",\"breadcrumb\":{\"@id\":\"https:\/\/val.sfp.fi\/kommunalval\/den-basta-skolan\/#breadcrumb\"},\"inLanguage\":\"sv-SE\",\"potentialAction\":[{\"@type\":\"ReadAction\",\"target\":[\"https:\/\/val.sfp.fi\/kommunalval\/den-basta-skolan\/\"]}]},{\"@type\":\"ImageObject\",\"inLanguage\":\"sv-SE\",\"@id\":\"https:\/\/val.sfp.fi\/kommunalval\/den-basta-skolan\/#primaryimage\",\"url\":\"https:\/\/val.sfp.fi\/kommunalval\/wp-content\/uploads\/Den-basta-skolan-scaled.jpg\",\"contentUrl\":\"https:\/\/val.sfp.fi\/kommunalval\/wp-content\/uploads\/Den-basta-skolan-scaled.jpg\",\"width\":2560,\"height\":1706},{\"@type\":\"BreadcrumbList\",\"@id\":\"https:\/\/val.sfp.fi\/kommunalval\/den-basta-skolan\/#breadcrumb\",\"itemListElement\":[{\"@type\":\"ListItem\",\"position\":1,\"name\":\"Home\",\"item\":\"https:\/\/val.sfp.fi\/kommunalval\/\"},{\"@type\":\"ListItem\",\"position\":2,\"name\":\"Den b\u00e4sta skolan\"}]},{\"@type\":\"WebSite\",\"@id\":\"https:\/\/val.sfp.fi\/kommunalval\/#website\",\"url\":\"https:\/\/val.sfp.fi\/kommunalval\/\",\"name\":\"Kommunalvalet 2025\",\"description\":\"\",\"publisher\":{\"@id\":\"https:\/\/val.sfp.fi\/kommunalval\/#organization\"},\"potentialAction\":[{\"@type\":\"SearchAction\",\"target\":{\"@type\":\"EntryPoint\",\"urlTemplate\":\"https:\/\/val.sfp.fi\/kommunalval\/?s={search_term_string}\"},\"query-input\":{\"@type\":\"PropertyValueSpecification\",\"valueRequired\":true,\"valueName\":\"search_term_string\"}}],\"inLanguage\":\"sv-SE\"},{\"@type\":\"Organization\",\"@id\":\"https:\/\/val.sfp.fi\/kommunalval\/#organization\",\"name\":\"SFP RKP\",\"url\":\"https:\/\/val.sfp.fi\/kommunalval\/\",\"logo\":{\"@type\":\"ImageObject\",\"inLanguage\":\"sv-SE\",\"@id\":\"https:\/\/val.sfp.fi\/kommunalval\/#\/schema\/logo\/image\/\",\"url\":\"https:\/\/val.sfp.fi\/kommunalval\/wp-content\/uploads\/SFP-RKP-logo-1.jpg\",\"contentUrl\":\"https:\/\/val.sfp.fi\/kommunalval\/wp-content\/uploads\/SFP-RKP-logo-1.jpg\",\"width\":1483,\"height\":1483,\"caption\":\"SFP RKP\"},\"image\":{\"@id\":\"https:\/\/val.sfp.fi\/kommunalval\/#\/schema\/logo\/image\/\"},\"sameAs\":[\"https:\/\/www.facebook.com\/sfprkp\/\",\"https:\/\/x.com\/sfprkp\",\"https:\/\/www.instagram.com\/sfprkp\/\",\"https:\/\/www.youtube.com\/sfprkp\"]},{\"@type\":\"Person\",\"@id\":\"https:\/\/val.sfp.fi\/kommunalval\/#\/schema\/person\/677a73ac600f4c66e69415062e8f509e\",\"name\":\"Little Developer\",\"image\":{\"@type\":\"ImageObject\",\"inLanguage\":\"sv-SE\",\"@id\":\"https:\/\/secure.gravatar.com\/avatar\/c0bbf076f183cc897650a42f79db0161a011c13b07a4d2246d5d561ba5db53d1?s=96&d=mm&r=g\",\"url\":\"https:\/\/secure.gravatar.com\/avatar\/c0bbf076f183cc897650a42f79db0161a011c13b07a4d2246d5d561ba5db53d1?s=96&d=mm&r=g\",\"contentUrl\":\"https:\/\/secure.gravatar.com\/avatar\/c0bbf076f183cc897650a42f79db0161a011c13b07a4d2246d5d561ba5db53d1?s=96&d=mm&r=g\",\"caption\":\"Little Developer\"}}]}<\/script>\n<!-- \/ Yoast SEO plugin. -->","yoast_head_json":{"title":"Den b\u00e4sta skolan - Kommunalvalet 2025","robots":{"index":"index","follow":"follow","max-snippet":"max-snippet:-1","max-image-preview":"max-image-preview:large","max-video-preview":"max-video-preview:-1"},"canonical":"https:\/\/val.sfp.fi\/kommunalval\/den-basta-skolan\/","og_locale":"sv_SE","og_type":"article","og_title":"Den b\u00e4sta skolan - Kommunalvalet 2025","og_description":"Grunden f\u00f6r v\u00e5rt samh\u00e4lles v\u00e4lst\u00e5nd och framg\u00e5ng byggs i skolan. Skolan ska erbjuda j\u00e4mlika f\u00f6ruts\u00e4ttningar f\u00f6r alla barn och unga under hela l\u00e4rstigen, fr\u00e5n sm\u00e5barnspedagogiken till andra stadiet och vidare...","og_url":"https:\/\/val.sfp.fi\/kommunalval\/den-basta-skolan\/","og_site_name":"Kommunalvalet 2025","article_publisher":"https:\/\/www.facebook.com\/sfprkp\/","article_published_time":"2025-01-09T11:38:16+00:00","article_modified_time":"2025-01-22T13:56:56+00:00","og_image":[{"width":2560,"height":1706,"url":"https:\/\/val.sfp.fi\/kommunalval\/wp-content\/uploads\/Den-basta-skolan-scaled.jpg","type":"image\/jpeg"}],"author":"Little Developer","twitter_misc":{"Skriven av":"Little Developer","Ber\u00e4knad l\u00e4stid":"4 minuter"},"schema":{"@context":"https:\/\/schema.org","@graph":[{"@type":"Article","@id":"https:\/\/val.sfp.fi\/kommunalval\/den-basta-skolan\/#article","isPartOf":{"@id":"https:\/\/val.sfp.fi\/kommunalval\/den-basta-skolan\/"},"author":{"name":"Little Developer","@id":"https:\/\/val.sfp.fi\/kommunalval\/#\/schema\/person\/677a73ac600f4c66e69415062e8f509e"},"headline":"Den b\u00e4sta skolan","datePublished":"2025-01-09T11:38:16+00:00","dateModified":"2025-01-22T13:56:56+00:00","mainEntityOfPage":{"@id":"https:\/\/val.sfp.fi\/kommunalval\/den-basta-skolan\/"},"wordCount":718,"publisher":{"@id":"https:\/\/val.sfp.fi\/kommunalval\/#organization"},"image":{"@id":"https:\/\/val.sfp.fi\/kommunalval\/den-basta-skolan\/#primaryimage"},"thumbnailUrl":"https:\/\/val.sfp.fi\/kommunalval\/wp-content\/uploads\/Den-basta-skolan-scaled.jpg","articleSection":["Valprogram"],"inLanguage":"sv-SE"},{"@type":"WebPage","@id":"https:\/\/val.sfp.fi\/kommunalval\/den-basta-skolan\/","url":"https:\/\/val.sfp.fi\/kommunalval\/den-basta-skolan\/","name":"Den b\u00e4sta skolan - Kommunalvalet 2025","isPartOf":{"@id":"https:\/\/val.sfp.fi\/kommunalval\/#website"},"primaryImageOfPage":{"@id":"https:\/\/val.sfp.fi\/kommunalval\/den-basta-skolan\/#primaryimage"},"image":{"@id":"https:\/\/val.sfp.fi\/kommunalval\/den-basta-skolan\/#primaryimage"},"thumbnailUrl":"https:\/\/val.sfp.fi\/kommunalval\/wp-content\/uploads\/Den-basta-skolan-scaled.jpg","datePublished":"2025-01-09T11:38:16+00:00","dateModified":"2025-01-22T13:56:56+00:00","breadcrumb":{"@id":"https:\/\/val.sfp.fi\/kommunalval\/den-basta-skolan\/#breadcrumb"},"inLanguage":"sv-SE","potentialAction":[{"@type":"ReadAction","target":["https:\/\/val.sfp.fi\/kommunalval\/den-basta-skolan\/"]}]},{"@type":"ImageObject","inLanguage":"sv-SE","@id":"https:\/\/val.sfp.fi\/kommunalval\/den-basta-skolan\/#primaryimage","url":"https:\/\/val.sfp.fi\/kommunalval\/wp-content\/uploads\/Den-basta-skolan-scaled.jpg","contentUrl":"https:\/\/val.sfp.fi\/kommunalval\/wp-content\/uploads\/Den-basta-skolan-scaled.jpg","width":2560,"height":1706},{"@type":"BreadcrumbList","@id":"https:\/\/val.sfp.fi\/kommunalval\/den-basta-skolan\/#breadcrumb","itemListElement":[{"@type":"ListItem","position":1,"name":"Home","item":"https:\/\/val.sfp.fi\/kommunalval\/"},{"@type":"ListItem","position":2,"name":"Den b\u00e4sta skolan"}]},{"@type":"WebSite","@id":"https:\/\/val.sfp.fi\/kommunalval\/#website","url":"https:\/\/val.sfp.fi\/kommunalval\/","name":"Kommunalvalet 2025","description":"","publisher":{"@id":"https:\/\/val.sfp.fi\/kommunalval\/#organization"},"potentialAction":[{"@type":"SearchAction","target":{"@type":"EntryPoint","urlTemplate":"https:\/\/val.sfp.fi\/kommunalval\/?s={search_term_string}"},"query-input":{"@type":"PropertyValueSpecification","valueRequired":true,"valueName":"search_term_string"}}],"inLanguage":"sv-SE"},{"@type":"Organization","@id":"https:\/\/val.sfp.fi\/kommunalval\/#organization","name":"SFP RKP","url":"https:\/\/val.sfp.fi\/kommunalval\/","logo":{"@type":"ImageObject","inLanguage":"sv-SE","@id":"https:\/\/val.sfp.fi\/kommunalval\/#\/schema\/logo\/image\/","url":"https:\/\/val.sfp.fi\/kommunalval\/wp-content\/uploads\/SFP-RKP-logo-1.jpg","contentUrl":"https:\/\/val.sfp.fi\/kommunalval\/wp-content\/uploads\/SFP-RKP-logo-1.jpg","width":1483,"height":1483,"caption":"SFP RKP"},"image":{"@id":"https:\/\/val.sfp.fi\/kommunalval\/#\/schema\/logo\/image\/"},"sameAs":["https:\/\/www.facebook.com\/sfprkp\/","https:\/\/x.com\/sfprkp","https:\/\/www.instagram.com\/sfprkp\/","https:\/\/www.youtube.com\/sfprkp"]},{"@type":"Person","@id":"https:\/\/val.sfp.fi\/kommunalval\/#\/schema\/person\/677a73ac600f4c66e69415062e8f509e","name":"Little Developer","image":{"@type":"ImageObject","inLanguage":"sv-SE","@id":"https:\/\/secure.gravatar.com\/avatar\/c0bbf076f183cc897650a42f79db0161a011c13b07a4d2246d5d561ba5db53d1?s=96&d=mm&r=g","url":"https:\/\/secure.gravatar.com\/avatar\/c0bbf076f183cc897650a42f79db0161a011c13b07a4d2246d5d561ba5db53d1?s=96&d=mm&r=g","contentUrl":"https:\/\/secure.gravatar.com\/avatar\/c0bbf076f183cc897650a42f79db0161a011c13b07a4d2246d5d561ba5db53d1?s=96&d=mm&r=g","caption":"Little Developer"}}]}},"lang":"sv","translations":{"sv":34917,"fi":35013,"en":35079},"pll_sync_post":[],"_links":{"self":[{"href":"https:\/\/val.sfp.fi\/kommunalval\/wp-json\/wp\/v2\/posts\/34917","targetHints":{"allow":["GET"]}}],"collection":[{"href":"https:\/\/val.sfp.fi\/kommunalval\/wp-json\/wp\/v2\/posts"}],"about":[{"href":"https:\/\/val.sfp.fi\/kommunalval\/wp-json\/wp\/v2\/types\/post"}],"author":[{"embeddable":true,"href":"https:\/\/val.sfp.fi\/kommunalval\/wp-json\/wp\/v2\/users\/228"}],"replies":[{"embeddable":true,"href":"https:\/\/val.sfp.fi\/kommunalval\/wp-json\/wp\/v2\/comments?post=34917"}],"version-history":[{"count":1,"href":"https:\/\/val.sfp.fi\/kommunalval\/wp-json\/wp\/v2\/posts\/34917\/revisions"}],"predecessor-version":[{"id":34918,"href":"https:\/\/val.sfp.fi\/kommunalval\/wp-json\/wp\/v2\/posts\/34917\/revisions\/34918"}],"wp:featuredmedia":[{"embeddable":true,"href":"https:\/\/val.sfp.fi\/kommunalval\/wp-json\/wp\/v2\/media\/35094"}],"wp:attachment":[{"href":"https:\/\/val.sfp.fi\/kommunalval\/wp-json\/wp\/v2\/media?parent=34917"}],"wp:term":[{"taxonomy":"category","embeddable":true,"href":"https:\/\/val.sfp.fi\/kommunalval\/wp-json\/wp\/v2\/categories?post=34917"},{"taxonomy":"post_tag","embeddable":true,"href":"https:\/\/val.sfp.fi\/kommunalval\/wp-json\/wp\/v2\/tags?post=34917"}],"curies":[{"name":"wp","href":"https:\/\/api.w.org\/{rel}","templated":true}]}}